{"id":2169,"date":"2022-05-23T21:53:59","date_gmt":"2022-05-23T21:53:59","guid":{"rendered":"https:\/\/www.comisionporlamemoria.org\/biblioteca\/?p=2169"},"modified":"2022-05-23T22:32:47","modified_gmt":"2022-05-23T22:32:47","slug":"la-otra-mirada-relatos","status":"publish","type":"post","link":"https:\/\/www.comisionporlamemoria.org\/biblioteca\/2022\/05\/23\/la-otra-mirada-relatos\/","title":{"rendered":"La otra mirada. Relatos"},"content":{"rendered":"<div class=\"fusion-fullwidth fullwidth-box fusion-builder-row-1 fusion-flex-container nonhundred-percent-fullwidth non-hundred-percent-height-scrolling\" style=\"--awb-border-radius-top-left:0px;--awb-border-radius-top-right:0px;--awb-border-radius-bottom-right:0px;--awb-border-radius-bottom-left:0px;--awb-margin-top:25px;--awb-margin-bottom:25px;--awb-flex-wrap:wrap;\" ><div class=\"fusion-builder-row fusion-row fusion-flex-align-items-center fusion-flex-justify-content-center fusion-flex-content-wrap\" style=\"max-width:1248px;margin-left: calc(-4% \/ 2 );margin-right: calc(-4% \/ 2 );\"><div class=\"fusion-layout-column fusion_builder_column fusion-builder-column-0 fusion_builder_column_1_4 1_4 fusion-flex-column\" style=\"--awb-bg-size:cover;--awb-width-large:25%;--awb-margin-top-large:0px;--awb-spacing-right-large:7.68%;--awb-margin-bottom-large:20px;--awb-spacing-left-large:7.68%;--awb-width-medium:25%;--awb-order-medium:0;--awb-spacing-right-medium:7.68%;--awb-spacing-left-medium:7.68%;--awb-width-small:100%;--awb-order-small:0;--awb-spacing-right-small:1.92%;--awb-spacing-left-small:1.92%;\"><div class=\"fusion-column-wrapper fusion-column-has-shadow fusion-flex-justify-content-flex-start fusion-content-layout-column\"><div class=\"fusion-image-element \" style=\"--awb-caption-title-font-family:var(--h2_typography-font-family);--awb-caption-title-font-weight:var(--h2_typography-font-weight);--awb-caption-title-font-style:var(--h2_typography-font-style);--awb-caption-title-size:var(--h2_typography-font-size);--awb-caption-title-transform:var(--h2_typography-text-transform);--awb-caption-title-line-height:var(--h2_typography-line-height);--awb-caption-title-letter-spacing:var(--h2_typography-letter-spacing);\"><span class=\" fusion-imageframe imageframe-none imageframe-1 hover-type-none\"><img decoding=\"async\" width=\"440\" height=\"648\" title=\"La otra mirada. Relatos.\" src=\"https:\/\/www.comisionporlamemoria.org\/biblioteca\/wp-content\/uploads\/sites\/16\/sites\/35\/2022\/04\/La-otra-mirada.-Relatos..jpg\" alt class=\"img-responsive wp-image-2056\" srcset=\"https:\/\/www.comisionporlamemoria.org\/biblioteca\/wp-content\/uploads\/sites\/16\/sites\/35\/2022\/04\/La-otra-mirada.-Relatos.-200x295.jpg 200w, https:\/\/www.comisionporlamemoria.org\/biblioteca\/wp-content\/uploads\/sites\/16\/sites\/35\/2022\/04\/La-otra-mirada.-Relatos.-400x589.jpg 400w, https:\/\/www.comisionporlamemoria.org\/biblioteca\/wp-content\/uploads\/sites\/16\/sites\/35\/2022\/04\/La-otra-mirada.-Relatos..jpg 440w\" sizes=\"(max-width: 640px) 100vw, 400px\" \/><\/span><\/div><\/div><\/div><div class=\"fusion-layout-column fusion_builder_column fusion-builder-column-1 fusion_builder_column_3_5 3_5 fusion-flex-column\" style=\"--awb-bg-size:cover;--awb-width-large:60%;--awb-margin-top-large:0px;--awb-spacing-right-large:3.2%;--awb-margin-bottom-large:20px;--awb-spacing-left-large:3.2%;--awb-width-medium:60%;--awb-order-medium:0;--awb-spacing-right-medium:3.2%;--awb-spacing-left-medium:3.2%;--awb-width-small:100%;--awb-order-small:0;--awb-spacing-right-small:1.92%;--awb-spacing-left-small:1.92%;\"><div class=\"fusion-column-wrapper fusion-column-has-shadow fusion-flex-justify-content-flex-start fusion-content-layout-column\"><div class=\"fusion-text fusion-text-1\"><p style=\"text-align: justify;\"><b>Adolfo P\u00e9rez Esquivel<\/b><\/p>\n<p style=\"text-align: justify;\">\u201cEsta serie de relatos constituye una parte del acervo \u00edntimo de la experiencia de vida de Adolfo P\u00e9rez Esquivel, en ocasiones compartida con compa\u00f1eras y compa\u00f1eros de viaje, y en otras, en la soledad m\u00e1s oscura. \u00cdntimo en tanto nos devela facetas desconocidas de su recorrido, ya sea como navegante y timonel conocedor de las aguas del R\u00edo de la Plata y los habitantes de las islas, o como un pasajero del \u201cvuelo de la muerte\u201d, sintiendo y describiendo el final de su vida. Y por eso tambi\u00e9n es tan \u00edntimo como p\u00fablico: porque su vida es la vida de tantas y tantos otros.<\/p>\n<p style=\"text-align: justify;\">Viajero de todos los continentes, desde La Boca del Riachuelo hasta La Habana, desde Hiroshima hasta el Urubamba, desde Amman hasta Bagdad por el desierto, el autor ha guardado en su c\u00e1lida retina lo que m\u00e1s lo conmueve de este mundo y la raz\u00f3n de su lucha: la vida y el sufrimiento de los pueblos.\u201d<\/p>\n<\/div><\/div><\/div><\/div><\/div>\n","protected":false},"excerpt":{"rendered":"","protected":false},"author":32,"featured_media":2056,"comment_status":"open","ping_status":"open","sticky":false,"template":"","format":"standard","meta":{"inline_featured_image":false,"footnotes":""},"categories":[7],"tags":[],"class_list":["post-2169","post","type-post","status-publish","format-standard","has-post-thumbnail","hentry","category-publicaciones-destacadas"],"jetpack_featured_media_url":"https:\/\/www.comisionporlamemoria.org\/biblioteca\/wp-content\/uploads\/sites\/16\/sites\/35\/2022\/04\/La-otra-mirada.-Relatos..jpg","_links":{"self":[{"href":"https:\/\/www.comisionporlamemoria.org\/biblioteca\/wp-json\/wp\/v2\/posts\/2169","targetHints":{"allow":["GET"]}}],"collection":[{"href":"https:\/\/www.comisionporlamemoria.org\/biblioteca\/wp-json\/wp\/v2\/posts"}],"about":[{"href":"https:\/\/www.comisionporlamemoria.org\/biblioteca\/wp-json\/wp\/v2\/types\/post"}],"author":[{"embeddable":true,"href":"https:\/\/www.comisionporlamemoria.org\/biblioteca\/wp-json\/wp\/v2\/users\/32"}],"replies":[{"embeddable":true,"href":"https:\/\/www.comisionporlamemoria.org\/biblioteca\/wp-json\/wp\/v2\/comments?post=2169"}],"version-history":[{"count":0,"href":"https:\/\/www.comisionporlamemoria.org\/biblioteca\/wp-json\/wp\/v2\/posts\/2169\/revisions"}],"wp:featuredmedia":[{"embeddable":true,"href":"https:\/\/www.comisionporlamemoria.org\/biblioteca\/wp-json\/wp\/v2\/media\/2056"}],"wp:attachment":[{"href":"https:\/\/www.comisionporlamemoria.org\/biblioteca\/wp-json\/wp\/v2\/media?parent=2169"}],"wp:term":[{"taxonomy":"category","embeddable":true,"href":"https:\/\/www.comisionporlamemoria.org\/biblioteca\/wp-json\/wp\/v2\/categories?post=2169"},{"taxonomy":"post_tag","embeddable":true,"href":"https:\/\/www.comisionporlamemoria.org\/biblioteca\/wp-json\/wp\/v2\/tags?post=2169"}],"curies":[{"name":"wp","href":"https:\/\/api.w.org\/{rel}","templated":true}]}}