{"id":2187,"date":"2022-05-23T22:55:15","date_gmt":"2022-05-23T22:55:15","guid":{"rendered":"https:\/\/www.comisionporlamemoria.org\/biblioteca\/?p=2187"},"modified":"2022-05-23T22:55:15","modified_gmt":"2022-05-23T22:55:15","slug":"desaparecer-en-democracia","status":"publish","type":"post","link":"https:\/\/www.comisionporlamemoria.org\/biblioteca\/2022\/05\/23\/desaparecer-en-democracia\/","title":{"rendered":"Desaparecer en democracia"},"content":{"rendered":"<div class=\"fusion-fullwidth fullwidth-box fusion-builder-row-1 fusion-flex-container nonhundred-percent-fullwidth non-hundred-percent-height-scrolling\" style=\"--awb-border-radius-top-left:0px;--awb-border-radius-top-right:0px;--awb-border-radius-bottom-right:0px;--awb-border-radius-bottom-left:0px;--awb-margin-top:25px;--awb-margin-bottom:25px;--awb-flex-wrap:wrap;\" ><div class=\"fusion-builder-row fusion-row fusion-flex-align-items-center fusion-flex-justify-content-center fusion-flex-content-wrap\" style=\"max-width:1248px;margin-left: calc(-4% \/ 2 );margin-right: calc(-4% \/ 2 );\"><div class=\"fusion-layout-column fusion_builder_column fusion-builder-column-0 fusion_builder_column_1_4 1_4 fusion-flex-column\" style=\"--awb-bg-size:cover;--awb-width-large:25%;--awb-margin-top-large:0px;--awb-spacing-right-large:7.68%;--awb-margin-bottom-large:20px;--awb-spacing-left-large:7.68%;--awb-width-medium:25%;--awb-order-medium:0;--awb-spacing-right-medium:7.68%;--awb-spacing-left-medium:7.68%;--awb-width-small:100%;--awb-order-small:0;--awb-spacing-right-small:1.92%;--awb-spacing-left-small:1.92%;\"><div class=\"fusion-column-wrapper fusion-column-has-shadow fusion-flex-justify-content-flex-start fusion-content-layout-column\"><div class=\"fusion-image-element \" style=\"--awb-caption-title-font-family:var(--h2_typography-font-family);--awb-caption-title-font-weight:var(--h2_typography-font-weight);--awb-caption-title-font-style:var(--h2_typography-font-style);--awb-caption-title-size:var(--h2_typography-font-size);--awb-caption-title-transform:var(--h2_typography-text-transform);--awb-caption-title-line-height:var(--h2_typography-line-height);--awb-caption-title-letter-spacing:var(--h2_typography-letter-spacing);\"><span class=\" fusion-imageframe imageframe-none imageframe-1 hover-type-none\"><img decoding=\"async\" width=\"333\" height=\"500\" title=\"meyer\" src=\"https:\/\/www.comisionporlamemoria.org\/biblioteca\/wp-content\/uploads\/sites\/16\/sites\/35\/2022\/04\/meyer.jpg\" alt class=\"img-responsive wp-image-2098\" srcset=\"https:\/\/www.comisionporlamemoria.org\/biblioteca\/wp-content\/uploads\/sites\/16\/sites\/35\/2022\/04\/meyer-200x300.jpg 200w, https:\/\/www.comisionporlamemoria.org\/biblioteca\/wp-content\/uploads\/sites\/16\/sites\/35\/2022\/04\/meyer.jpg 333w\" sizes=\"(max-width: 640px) 100vw, 333px\" \/><\/span><\/div><\/div><\/div><div class=\"fusion-layout-column fusion_builder_column fusion-builder-column-1 fusion_builder_column_3_5 3_5 fusion-flex-column\" style=\"--awb-bg-size:cover;--awb-width-large:60%;--awb-margin-top-large:0px;--awb-spacing-right-large:3.2%;--awb-margin-bottom-large:20px;--awb-spacing-left-large:3.2%;--awb-width-medium:60%;--awb-order-medium:0;--awb-spacing-right-medium:3.2%;--awb-spacing-left-medium:3.2%;--awb-width-small:100%;--awb-order-small:0;--awb-spacing-right-small:1.92%;--awb-spacing-left-small:1.92%;\"><div class=\"fusion-column-wrapper fusion-column-has-shadow fusion-flex-justify-content-flex-start fusion-content-layout-column\"><div class=\"fusion-text fusion-text-1\"><div class=\"modal-body fusion-clearfix\">\n<p style=\"text-align: justify;\"><i>Cuatro d\u00e9cadas de desapariciones forzadas en Argentina<\/i><\/p>\n<p style=\"text-align: justify;\"><b>Adriana Meyer<\/b><\/p>\n<p style=\"text-align: justify;\">\u201cEn el pa\u00eds de los 30 000 desaparecidos de la dictadura llevamos m\u00e1s de 200 desapariciones en democracia.<\/p>\n<p style=\"text-align: justify;\">La \u201cexistencia\u201d de desaparecidos a partir del per\u00edodo institucional abierto en 1983 tom\u00f3 visibilidad p\u00fablica como consecuencia de la desaparici\u00f3n de Jorge Julio L\u00f3pez en 2006. Sin embargo, comenz\u00f3 mucho antes, solo catorce d\u00edas despu\u00e9s de la asunci\u00f3n de Ra\u00fal Alfons\u00edn se produjo la primera desaparici\u00f3n: Jos\u00e9 Luis Franco, de 23 a\u00f1os. Luego vendr\u00edan muchas otras. Como afirma Nora Corti\u00f1as, cada gobierno tuvo sus desaparecidos. Sabemos que la dictadura asesinaba, torturaba, robaba beb\u00e9s y desaparec\u00eda personas. \u00bfY las desapariciones forzadas en democracia? No hay registros oficiales de ellas, aparecen junto a personas extraviadas y poco conocemos de sus historias.<\/p>\n<p style=\"text-align: justify;\">Adriana Meyer, a trav\u00e9s de una vasta investigaci\u00f3n y un ejercicio de memoria, re\u00fane por primera vez en este libro las desapariciones forzadas a lo largo de cuatro d\u00e9cadas. Y analiza la trama de complicidades policiales, estatales y judiciales que las recorren. En sus p\u00e1ginas se narran casos emblem\u00e1ticos como los de Miguel Bru, Santiago Maldonado, Osvaldo Sivak, Luciano Arruga, Andres N\u00fa\u00f1ez, Marita Ver\u00f3n, Iv\u00e1n Torres, Natalia Mellman, el de los militantes del Movimiento Todos por la Patria luego del copamiento a La Tablada, entre muchos otros. Pero tambi\u00e9n desapariciones que nos traen dolorosamente al presente como la de Facundo Astudillo Castro, desaparecido en el marco de la pandemia de coronavirus, o la del polic\u00eda de la Ciudad de Buenos Aires, Arshak Karhanyan, nunca investigada por el gobierno porte\u00f1o. Y, fundamentalmente, Meyer rescata aquellos casos olvidados y desconocidos, como los de los integrantes de los pueblos originarios, y les da la palabra a quienes nunca los olvidar\u00e1n, sus familiares, amigos y militantes que siguen luchando por su aparici\u00f3n con vida.\u201d<\/p>\n<\/div>\n<\/div><\/div><\/div><\/div><\/div>\n","protected":false},"excerpt":{"rendered":"","protected":false},"author":32,"featured_media":2098,"comment_status":"open","ping_status":"open","sticky":false,"template":"","format":"standard","meta":{"inline_featured_image":false,"footnotes":""},"categories":[7],"tags":[],"class_list":["post-2187","post","type-post","status-publish","format-standard","has-post-thumbnail","hentry","category-publicaciones-destacadas"],"jetpack_featured_media_url":"https:\/\/www.comisionporlamemoria.org\/biblioteca\/wp-content\/uploads\/sites\/16\/sites\/35\/2022\/04\/meyer.jpg","_links":{"self":[{"href":"https:\/\/www.comisionporlamemoria.org\/biblioteca\/wp-json\/wp\/v2\/posts\/2187","targetHints":{"allow":["GET"]}}],"collection":[{"href":"https:\/\/www.comisionporlamemoria.org\/biblioteca\/wp-json\/wp\/v2\/posts"}],"about":[{"href":"https:\/\/www.comisionporlamemoria.org\/biblioteca\/wp-json\/wp\/v2\/types\/post"}],"author":[{"embeddable":true,"href":"https:\/\/www.comisionporlamemoria.org\/biblioteca\/wp-json\/wp\/v2\/users\/32"}],"replies":[{"embeddable":true,"href":"https:\/\/www.comisionporlamemoria.org\/biblioteca\/wp-json\/wp\/v2\/comments?post=2187"}],"version-history":[{"count":0,"href":"https:\/\/www.comisionporlamemoria.org\/biblioteca\/wp-json\/wp\/v2\/posts\/2187\/revisions"}],"wp:featuredmedia":[{"embeddable":true,"href":"https:\/\/www.comisionporlamemoria.org\/biblioteca\/wp-json\/wp\/v2\/media\/2098"}],"wp:attachment":[{"href":"https:\/\/www.comisionporlamemoria.org\/biblioteca\/wp-json\/wp\/v2\/media?parent=2187"}],"wp:term":[{"taxonomy":"category","embeddable":true,"href":"https:\/\/www.comisionporlamemoria.org\/biblioteca\/wp-json\/wp\/v2\/categories?post=2187"},{"taxonomy":"post_tag","embeddable":true,"href":"https:\/\/www.comisionporlamemoria.org\/biblioteca\/wp-json\/wp\/v2\/tags?post=2187"}],"curies":[{"name":"wp","href":"https:\/\/api.w.org\/{rel}","templated":true}]}}