{"id":2189,"date":"2022-05-23T22:56:11","date_gmt":"2022-05-23T22:56:11","guid":{"rendered":"https:\/\/www.comisionporlamemoria.org\/biblioteca\/?p=2189"},"modified":"2022-05-24T19:04:33","modified_gmt":"2022-05-24T19:04:33","slug":"aca-ta","status":"publish","type":"post","link":"https:\/\/www.comisionporlamemoria.org\/biblioteca\/2022\/05\/23\/aca-ta\/","title":{"rendered":"Ac\u00e1 t\u00e1"},"content":{"rendered":"<div class=\"fusion-fullwidth fullwidth-box fusion-builder-row-1 fusion-flex-container nonhundred-percent-fullwidth non-hundred-percent-height-scrolling\" style=\"--awb-border-radius-top-left:0px;--awb-border-radius-top-right:0px;--awb-border-radius-bottom-right:0px;--awb-border-radius-bottom-left:0px;--awb-margin-top:25px;--awb-margin-bottom:25px;--awb-flex-wrap:wrap;\" ><div class=\"fusion-builder-row fusion-row fusion-flex-align-items-center fusion-flex-justify-content-center fusion-flex-content-wrap\" style=\"max-width:1248px;margin-left: calc(-4% \/ 2 );margin-right: calc(-4% \/ 2 );\"><div class=\"fusion-layout-column fusion_builder_column fusion-builder-column-0 fusion_builder_column_1_4 1_4 fusion-flex-column\" style=\"--awb-bg-size:cover;--awb-width-large:25%;--awb-margin-top-large:0px;--awb-spacing-right-large:7.68%;--awb-margin-bottom-large:20px;--awb-spacing-left-large:7.68%;--awb-width-medium:25%;--awb-order-medium:0;--awb-spacing-right-medium:7.68%;--awb-spacing-left-medium:7.68%;--awb-width-small:100%;--awb-order-small:0;--awb-spacing-right-small:1.92%;--awb-spacing-left-small:1.92%;\"><div class=\"fusion-column-wrapper fusion-column-has-shadow fusion-flex-justify-content-flex-start fusion-content-layout-column\"><div class=\"fusion-image-element \" style=\"--awb-caption-title-font-family:var(--h2_typography-font-family);--awb-caption-title-font-weight:var(--h2_typography-font-weight);--awb-caption-title-font-style:var(--h2_typography-font-style);--awb-caption-title-size:var(--h2_typography-font-size);--awb-caption-title-transform:var(--h2_typography-text-transform);--awb-caption-title-line-height:var(--h2_typography-line-height);--awb-caption-title-letter-spacing:var(--h2_typography-letter-spacing);\"><span class=\" fusion-imageframe imageframe-none imageframe-1 hover-type-none\"><img decoding=\"async\" width=\"600\" height=\"600\" title=\"\u00a1Aca\u0301 ta\u0301! (1)\" src=\"https:\/\/www.comisionporlamemoria.org\/biblioteca\/wp-content\/uploads\/sites\/16\/sites\/35\/2022\/04\/\u00a1Aca\u0301-ta\u0301-1.jpeg\" alt class=\"img-responsive wp-image-2060\" srcset=\"https:\/\/www.comisionporlamemoria.org\/biblioteca\/wp-content\/uploads\/sites\/16\/sites\/35\/2022\/04\/\u00a1Aca\u0301-ta\u0301-1-200x200.jpeg 200w, https:\/\/www.comisionporlamemoria.org\/biblioteca\/wp-content\/uploads\/sites\/16\/sites\/35\/2022\/04\/\u00a1Aca\u0301-ta\u0301-1-400x400.jpeg 400w, https:\/\/www.comisionporlamemoria.org\/biblioteca\/wp-content\/uploads\/sites\/16\/sites\/35\/2022\/04\/\u00a1Aca\u0301-ta\u0301-1.jpeg 600w\" sizes=\"(max-width: 640px) 100vw, 400px\" \/><\/span><\/div><\/div><\/div><div class=\"fusion-layout-column fusion_builder_column fusion-builder-column-1 fusion_builder_column_3_5 3_5 fusion-flex-column\" style=\"--awb-bg-size:cover;--awb-width-large:60%;--awb-margin-top-large:0px;--awb-spacing-right-large:3.2%;--awb-margin-bottom-large:20px;--awb-spacing-left-large:3.2%;--awb-width-medium:60%;--awb-order-medium:0;--awb-spacing-right-medium:3.2%;--awb-spacing-left-medium:3.2%;--awb-width-small:100%;--awb-order-small:0;--awb-spacing-right-small:1.92%;--awb-spacing-left-small:1.92%;\"><div class=\"fusion-column-wrapper fusion-column-has-shadow fusion-flex-justify-content-flex-start fusion-content-layout-column\"><div class=\"fusion-text fusion-text-1\"><p style=\"text-align: justify;\"><b>Ver\u00f3nica Garc\u00eda Ontiveros \/ Magdi Kelisek<\/b><\/p>\n<p style=\"text-align: justify;\">\u201c\u00a1Ac\u00e1 t\u00e1! result\u00f3 ganador, en 2019, del concurso para la primera infancia \u201cHistorias de abuelas y nietos\u201d , de la Secretar\u00eda de Equidad y Promoci\u00f3n del Empleo y la Asociaci\u00f3n Abuelas de Plaza de Mayo de la provincia de C\u00f3rdoba. Con este llamado de memoria, las abuelas esperaban llegar a los tal vez, hoy, bisnietos de los detenidos desaparecidos por el terrorismo de Estado en Argentina. Un libro, un poema, un juego pensado para los m\u00e1s peque\u00f1os, pero que, como todo hecho art\u00edstico, puede compartirse a cualquier edad. Para leerlo en familia, para leerlo en el aula. Un libro que habla del valor de la memoria y de la valent\u00eda de la b\u00fasqueda.<\/p>\n<p style=\"text-align: justify;\">Primer libro que aborda el tema de la b\u00fasqueda de los ni\u00f1os apropiados por el terrorismo de Estado en Argentina, para los m\u00e1s peque\u00f1os y peque\u00f1as.\u201d<\/p>\n<\/div><\/div><\/div><\/div><\/div>\n","protected":false},"excerpt":{"rendered":"","protected":false},"author":32,"featured_media":2060,"comment_status":"open","ping_status":"open","sticky":false,"template":"","format":"standard","meta":{"inline_featured_image":false,"footnotes":""},"categories":[7],"tags":[],"class_list":["post-2189","post","type-post","status-publish","format-standard","has-post-thumbnail","hentry","category-publicaciones-destacadas"],"jetpack_featured_media_url":"https:\/\/www.comisionporlamemoria.org\/biblioteca\/wp-content\/uploads\/sites\/16\/sites\/35\/2022\/04\/\u00a1Aca\u0301-ta\u0301-1.jpeg","_links":{"self":[{"href":"https:\/\/www.comisionporlamemoria.org\/biblioteca\/wp-json\/wp\/v2\/posts\/2189","targetHints":{"allow":["GET"]}}],"collection":[{"href":"https:\/\/www.comisionporlamemoria.org\/biblioteca\/wp-json\/wp\/v2\/posts"}],"about":[{"href":"https:\/\/www.comisionporlamemoria.org\/biblioteca\/wp-json\/wp\/v2\/types\/post"}],"author":[{"embeddable":true,"href":"https:\/\/www.comisionporlamemoria.org\/biblioteca\/wp-json\/wp\/v2\/users\/32"}],"replies":[{"embeddable":true,"href":"https:\/\/www.comisionporlamemoria.org\/biblioteca\/wp-json\/wp\/v2\/comments?post=2189"}],"version-history":[{"count":0,"href":"https:\/\/www.comisionporlamemoria.org\/biblioteca\/wp-json\/wp\/v2\/posts\/2189\/revisions"}],"wp:featuredmedia":[{"embeddable":true,"href":"https:\/\/www.comisionporlamemoria.org\/biblioteca\/wp-json\/wp\/v2\/media\/2060"}],"wp:attachment":[{"href":"https:\/\/www.comisionporlamemoria.org\/biblioteca\/wp-json\/wp\/v2\/media?parent=2189"}],"wp:term":[{"taxonomy":"category","embeddable":true,"href":"https:\/\/www.comisionporlamemoria.org\/biblioteca\/wp-json\/wp\/v2\/categories?post=2189"},{"taxonomy":"post_tag","embeddable":true,"href":"https:\/\/www.comisionporlamemoria.org\/biblioteca\/wp-json\/wp\/v2\/tags?post=2189"}],"curies":[{"name":"wp","href":"https:\/\/api.w.org\/{rel}","templated":true}]}}