{"id":2191,"date":"2022-05-23T22:57:12","date_gmt":"2022-05-23T22:57:12","guid":{"rendered":"https:\/\/www.comisionporlamemoria.org\/biblioteca\/?p=2191"},"modified":"2022-05-23T22:57:12","modified_gmt":"2022-05-23T22:57:12","slug":"manifiesto-poeticopolitico-por-la-investigacion-deen-la-biblioteca-publica","status":"publish","type":"post","link":"https:\/\/www.comisionporlamemoria.org\/biblioteca\/2022\/05\/23\/manifiesto-poeticopolitico-por-la-investigacion-deen-la-biblioteca-publica\/","title":{"rendered":"Manifiesto po\u00e9tico|pol\u00edtico por la investigaci\u00f3n de|en la biblioteca p\u00fablica"},"content":{"rendered":"<div class=\"fusion-fullwidth fullwidth-box fusion-builder-row-1 fusion-flex-container nonhundred-percent-fullwidth non-hundred-percent-height-scrolling\" style=\"--awb-border-radius-top-left:0px;--awb-border-radius-top-right:0px;--awb-border-radius-bottom-right:0px;--awb-border-radius-bottom-left:0px;--awb-margin-top:25px;--awb-margin-bottom:25px;--awb-flex-wrap:wrap;\" ><div class=\"fusion-builder-row fusion-row fusion-flex-align-items-center fusion-flex-justify-content-center fusion-flex-content-wrap\" style=\"max-width:1248px;margin-left: calc(-4% \/ 2 );margin-right: calc(-4% \/ 2 );\"><div class=\"fusion-layout-column fusion_builder_column fusion-builder-column-0 fusion_builder_column_1_4 1_4 fusion-flex-column\" style=\"--awb-bg-size:cover;--awb-width-large:25%;--awb-margin-top-large:0px;--awb-spacing-right-large:7.68%;--awb-margin-bottom-large:20px;--awb-spacing-left-large:7.68%;--awb-width-medium:25%;--awb-order-medium:0;--awb-spacing-right-medium:7.68%;--awb-spacing-left-medium:7.68%;--awb-width-small:100%;--awb-order-small:0;--awb-spacing-right-small:1.92%;--awb-spacing-left-small:1.92%;\"><div class=\"fusion-column-wrapper fusion-column-has-shadow fusion-flex-justify-content-flex-start fusion-content-layout-column\"><div class=\"fusion-image-element \" style=\"--awb-caption-title-font-family:var(--h2_typography-font-family);--awb-caption-title-font-weight:var(--h2_typography-font-weight);--awb-caption-title-font-style:var(--h2_typography-font-style);--awb-caption-title-size:var(--h2_typography-font-size);--awb-caption-title-transform:var(--h2_typography-text-transform);--awb-caption-title-line-height:var(--h2_typography-line-height);--awb-caption-title-letter-spacing:var(--h2_typography-letter-spacing);\"><span class=\" fusion-imageframe imageframe-none imageframe-1 hover-type-none\"><img decoding=\"async\" width=\"563\" height=\"785\" title=\"Manifiesto poe\u0301tico poli\u0300tico por la investigacion de en la biblioteca pu\u0301blica\" src=\"https:\/\/www.comisionporlamemoria.org\/biblioteca\/wp-content\/uploads\/sites\/16\/sites\/35\/2022\/04\/Manifiesto-poe\u0301tico-poli\u0300tico-por-la-investigacion-de-en-la-biblioteca-pu\u0301blica.png\" alt class=\"img-responsive wp-image-2059\" srcset=\"https:\/\/www.comisionporlamemoria.org\/biblioteca\/wp-content\/uploads\/sites\/16\/sites\/35\/2022\/04\/Manifiesto-poe\u0301tico-poli\u0300tico-por-la-investigacion-de-en-la-biblioteca-pu\u0301blica-200x279.png 200w, https:\/\/www.comisionporlamemoria.org\/biblioteca\/wp-content\/uploads\/sites\/16\/sites\/35\/2022\/04\/Manifiesto-poe\u0301tico-poli\u0300tico-por-la-investigacion-de-en-la-biblioteca-pu\u0301blica-400x558.png 400w, https:\/\/www.comisionporlamemoria.org\/biblioteca\/wp-content\/uploads\/sites\/16\/sites\/35\/2022\/04\/Manifiesto-poe\u0301tico-poli\u0300tico-por-la-investigacion-de-en-la-biblioteca-pu\u0301blica.png 563w\" sizes=\"(max-width: 640px) 100vw, 400px\" \/><\/span><\/div><\/div><\/div><div class=\"fusion-layout-column fusion_builder_column fusion-builder-column-1 fusion_builder_column_3_5 3_5 fusion-flex-column\" style=\"--awb-bg-size:cover;--awb-width-large:60%;--awb-margin-top-large:0px;--awb-spacing-right-large:3.2%;--awb-margin-bottom-large:20px;--awb-spacing-left-large:3.2%;--awb-width-medium:60%;--awb-order-medium:0;--awb-spacing-right-medium:3.2%;--awb-spacing-left-medium:3.2%;--awb-width-small:100%;--awb-order-small:0;--awb-spacing-right-small:1.92%;--awb-spacing-left-small:1.92%;\"><div class=\"fusion-column-wrapper fusion-column-has-shadow fusion-flex-justify-content-flex-start fusion-content-layout-column\"><div class=\"fusion-text fusion-text-1\"><p style=\"text-align: justify;\"><b>Teresa Avedoy<\/b><\/p>\n<p style=\"text-align: justify;\">\u201cEn la tensi\u00f3n entre concepci\u00f3n y vivencia de la biblioteca es donde se ubica el gran valor de este manifiesto, una pieza llena de provocaciones, cotejos, potencialidades y desbordamientos sobre la idea y la pr\u00e1ctica de la biblioteca. En sus l\u00edneas se esboza todo un programa de investigaci\u00f3n de conocimiento y resignificaci\u00f3n social de la biblioteca p\u00fablica con sentido de impronta y proyecto cultural, educativo y pol\u00edtico para Am\u00e9rica Latina. La biblioteca vive en sus comunidades y proyecta sus horizontes gracias al compromiso creativo de quienes las viven y utilizan, para eso, como dice este manifiesto:<\/p>\n<p style=\"text-align: justify;\"><i>\u00a1Homo bibliotecarius del mundo, un\u00edos!\u201d<\/i><\/p>\n<p style=\"text-align: justify;\"><b>Didier \u00c1lvarez<\/b><\/p>\n<\/div><\/div><\/div><\/div><\/div>\n","protected":false},"excerpt":{"rendered":"","protected":false},"author":32,"featured_media":2059,"comment_status":"open","ping_status":"open","sticky":false,"template":"","format":"standard","meta":{"inline_featured_image":false,"footnotes":""},"categories":[7],"tags":[],"class_list":["post-2191","post","type-post","status-publish","format-standard","has-post-thumbnail","hentry","category-publicaciones-destacadas"],"jetpack_featured_media_url":"https:\/\/www.comisionporlamemoria.org\/biblioteca\/wp-content\/uploads\/sites\/16\/sites\/35\/2022\/04\/Manifiesto-poe\u0301tico-poli\u0300tico-por-la-investigacion-de-en-la-biblioteca-pu\u0301blica.png","_links":{"self":[{"href":"https:\/\/www.comisionporlamemoria.org\/biblioteca\/wp-json\/wp\/v2\/posts\/2191","targetHints":{"allow":["GET"]}}],"collection":[{"href":"https:\/\/www.comisionporlamemoria.org\/biblioteca\/wp-json\/wp\/v2\/posts"}],"about":[{"href":"https:\/\/www.comisionporlamemoria.org\/biblioteca\/wp-json\/wp\/v2\/types\/post"}],"author":[{"embeddable":true,"href":"https:\/\/www.comisionporlamemoria.org\/biblioteca\/wp-json\/wp\/v2\/users\/32"}],"replies":[{"embeddable":true,"href":"https:\/\/www.comisionporlamemoria.org\/biblioteca\/wp-json\/wp\/v2\/comments?post=2191"}],"version-history":[{"count":0,"href":"https:\/\/www.comisionporlamemoria.org\/biblioteca\/wp-json\/wp\/v2\/posts\/2191\/revisions"}],"wp:featuredmedia":[{"embeddable":true,"href":"https:\/\/www.comisionporlamemoria.org\/biblioteca\/wp-json\/wp\/v2\/media\/2059"}],"wp:attachment":[{"href":"https:\/\/www.comisionporlamemoria.org\/biblioteca\/wp-json\/wp\/v2\/media?parent=2191"}],"wp:term":[{"taxonomy":"category","embeddable":true,"href":"https:\/\/www.comisionporlamemoria.org\/biblioteca\/wp-json\/wp\/v2\/categories?post=2191"},{"taxonomy":"post_tag","embeddable":true,"href":"https:\/\/www.comisionporlamemoria.org\/biblioteca\/wp-json\/wp\/v2\/tags?post=2191"}],"curies":[{"name":"wp","href":"https:\/\/api.w.org\/{rel}","templated":true}]}}