{"id":33963,"date":"2018-04-09T14:02:17","date_gmt":"2018-04-09T14:02:17","guid":{"rendered":"http:\/\/www.comisionporlamemoria.org\/investigacion\/?p=33963"},"modified":"2022-05-27T18:08:50","modified_gmt":"2022-05-27T18:08:50","slug":"capacitacion-mercedes","status":"publish","type":"post","link":"https:\/\/www.comisionporlamemoria.org\/investigacion\/capacitacion-mercedes\/","title":{"rendered":"Curso de capacitaci\u00f3n en Mercedes"},"content":{"rendered":"<p>El 5 y 12 de mayo se realizar\u00e1 el curso de capacitaci\u00f3n \u00abEl g\u00e9nero en el aula. Desde el diagnostico a la propuesta\u00bb en el Centro Universitario Regional Mercedes (calle 47 y\u00a028, ex Instituto Unzue) de la ciudad de Mercedes. El curso es de car\u00e1cter presencia y brinda\u00a0puntaje para docentes.<\/p>\n<p>Horario: de 9\u00a0hs.\u00a0a 18 hs.<\/p>\n<p><a href=\"https:\/\/www.comisionporlamemoria.org\/investigacion\/formacion-y-capacitacion\/\">Ver programa del curso<\/a><\/p>\n","protected":false},"excerpt":{"rendered":"<p>El 5 y 12 de mayo se realizar\u00e1 el curso de capacitaci\u00f3n \u00abEl g\u00e9nero en el aula. Desde el diagnostico a la propuesta\u00bb en el Centro Universitario Regional Mercedes (calle 47 y\u00a028, ex Instituto Unzue) de la ciudad de Mercedes. El curso es de car\u00e1cter presencia y brinda\u00a0puntaje para docentes. Horario: de 9\u00a0hs.\u00a0a 18 hs. [&hellip;]<\/p>\n","protected":false},"author":32,"featured_media":33960,"comment_status":"open","ping_status":"closed","sticky":false,"template":"","format":"standard","meta":{"_et_pb_use_builder":"off","_et_pb_old_content":"El 5 y 12 de mayo se realizar\u00e1 el curso de capacitaci\u00f3n \"El g\u00e9nero en el aula. Desde el diagnostico a la propuesta\" en el Centro Universitario Regional Mercedes (calle 47 y\u00a028, ex Instituto Unzue) de la ciudad de Mercedes. El curso es de car\u00e1cter presencia y brinda\u00a0puntaje para docentes.\r\n\r\nHorario: de 9\u00a0hs.\u00a0a 18 hs.\r\n\r\n<a href=\"https:\/\/www.comisionporlamemoria.org\/investigacion\/formacion-y-capacitacion\/\">Ver programa del curso<\/a>","_et_gb_content_width":"","jetpack_post_was_ever_published":false,"footnotes":""},"categories":[1],"tags":[],"class_list":["post-33963","post","type-post","status-publish","format-standard","has-post-thumbnail","hentry","category-sin-categoria"],"jetpack_featured_media_url":"https:\/\/www.comisionporlamemoria.org\/investigacion\/wp-content\/uploads\/sites\/22\/2018\/04\/curso-capacitacion.jpg","jetpack_sharing_enabled":true,"jetpack_shortlink":"https:\/\/wp.me\/p8ryDx-8PN","_links":{"self":[{"href":"https:\/\/www.comisionporlamemoria.org\/investigacion\/wp-json\/wp\/v2\/posts\/33963","targetHints":{"allow":["GET"]}}],"collection":[{"href":"https:\/\/www.comisionporlamemoria.org\/investigacion\/wp-json\/wp\/v2\/posts"}],"about":[{"href":"https:\/\/www.comisionporlamemoria.org\/investigacion\/wp-json\/wp\/v2\/types\/post"}],"author":[{"embeddable":true,"href":"https:\/\/www.comisionporlamemoria.org\/investigacion\/wp-json\/wp\/v2\/users\/32"}],"replies":[{"embeddable":true,"href":"https:\/\/www.comisionporlamemoria.org\/investigacion\/wp-json\/wp\/v2\/comments?post=33963"}],"version-history":[{"count":0,"href":"https:\/\/www.comisionporlamemoria.org\/investigacion\/wp-json\/wp\/v2\/posts\/33963\/revisions"}],"wp:featuredmedia":[{"embeddable":true,"href":"https:\/\/www.comisionporlamemoria.org\/investigacion\/wp-json\/wp\/v2\/media\/33960"}],"wp:attachment":[{"href":"https:\/\/www.comisionporlamemoria.org\/investigacion\/wp-json\/wp\/v2\/media?parent=33963"}],"wp:term":[{"taxonomy":"category","embeddable":true,"href":"https:\/\/www.comisionporlamemoria.org\/investigacion\/wp-json\/wp\/v2\/categories?post=33963"},{"taxonomy":"post_tag","embeddable":true,"href":"https:\/\/www.comisionporlamemoria.org\/investigacion\/wp-json\/wp\/v2\/tags?post=33963"}],"curies":[{"name":"wp","href":"https:\/\/api.w.org\/{rel}","templated":true}]}}