{"id":2394,"date":"2019-04-15T19:13:56","date_gmt":"2019-04-15T19:13:56","guid":{"rendered":"https:\/\/www.comisionporlamemoria.org\/sitiosdememoria\/?p=2394"},"modified":"2020-10-05T20:42:39","modified_gmt":"2020-10-05T20:42:39","slug":"encuentro-de-la-red-de-sitios","status":"publish","type":"post","link":"https:\/\/www.comisionporlamemoria.org\/sitiosdememoria\/encuentro-de-la-red-de-sitios\/","title":{"rendered":"Encuentro de la Red de sitios"},"content":{"rendered":"<div class=\"fusion-fullwidth fullwidth-box fusion-builder-row-1 fusion-flex-container nonhundred-percent-fullwidth non-hundred-percent-height-scrolling\" style=\"--awb-border-radius-top-left:0px;--awb-border-radius-top-right:0px;--awb-border-radius-bottom-right:0px;--awb-border-radius-bottom-left:0px;--awb-flex-wrap:wrap;\" ><div class=\"fusion-builder-row fusion-row fusion-flex-align-items-flex-start fusion-flex-content-wrap\" style=\"max-width:1248px;margin-left: calc(-4% \/ 2 );margin-right: calc(-4% \/ 2 );\"><div class=\"fusion-layout-column fusion_builder_column fusion-builder-column-0 fusion_builder_column_1_1 1_1 fusion-flex-column\" style=\"--awb-bg-size:cover;--awb-width-large:100%;--awb-margin-top-large:0px;--awb-spacing-right-large:1.92%;--awb-margin-bottom-large:0px;--awb-spacing-left-large:1.92%;--awb-width-medium:100%;--awb-spacing-right-medium:1.92%;--awb-spacing-left-medium:1.92%;--awb-width-small:100%;--awb-spacing-right-small:1.92%;--awb-spacing-left-small:1.92%;\"><div class=\"fusion-column-wrapper fusion-flex-justify-content-flex-start fusion-content-layout-column\"><div class=\"fusion-text fusion-text-1\"><p style=\"text-align: justify\">En el mes de abril de 2019, una decena de sitios de memoria de Capital Federal y el Gran Buenos Aires participaron de las segundas jornadas de capacitaci\u00f3n en sistematizaci\u00f3n de las experiencias de los sitios de memoria. La jornada se realiz\u00f3 en la sede de la CPM. Trabajadores y trabajadoras de cada uno de esos espacios realizaron una recorrida por la casa y luego participaron de la capacitaci\u00f3n a cargo del el soci\u00f3logo y educador popular Oscar Jara.<\/p>\n<\/div><div class=\"awb-gallery-wrapper awb-gallery-wrapper-1 button-span-no\"><div style=\"margin:-10px;--awb-bordersize:0px;\" class=\"fusion-gallery fusion-gallery-container fusion-grid-4 fusion-columns-total-8 fusion-gallery-layout-grid fusion-gallery-1\"><div style=\"padding:10px;\" class=\"fusion-grid-column fusion-gallery-column fusion-gallery-column-4 hover-type-zoomin\"><div class=\"fusion-gallery-image\"><a href=\"https:\/\/www.comisionporlamemoria.org\/sitiosdememoria\/wp-content\/uploads\/sites\/16\/sites\/31\/2020\/09\/ENCUENTRO-RED-DE-SITIOS-CPM-2019-8.jpg\" rel=\"noreferrer\" data-rel=\"iLightbox[gallery_image_1]\" class=\"fusion-lightbox\" target=\"_self\"><img decoding=\"async\" src=\"https:\/\/www.comisionporlamemoria.org\/sitiosdememoria\/wp-content\/uploads\/sites\/16\/sites\/31\/2020\/09\/ENCUENTRO-RED-DE-SITIOS-CPM-2019-8.jpg\" width=\"1024\" height=\"683\" alt=\"\" title=\"ENCUENTRO-RED-DE-SITIOS-CPM-2019-8\" aria-label=\"ENCUENTRO-RED-DE-SITIOS-CPM-2019-8\" class=\"img-responsive wp-image-2404\" srcset=\"https:\/\/www.comisionporlamemoria.org\/sitiosdememoria\/wp-content\/uploads\/sites\/16\/sites\/31\/2020\/09\/ENCUENTRO-RED-DE-SITIOS-CPM-2019-8-200x133.jpg 200w, https:\/\/www.comisionporlamemoria.org\/sitiosdememoria\/wp-content\/uploads\/sites\/16\/sites\/31\/2020\/09\/ENCUENTRO-RED-DE-SITIOS-CPM-2019-8-400x267.jpg 400w, https:\/\/www.comisionporlamemoria.org\/sitiosdememoria\/wp-content\/uploads\/sites\/16\/sites\/31\/2020\/09\/ENCUENTRO-RED-DE-SITIOS-CPM-2019-8-600x400.jpg 600w, https:\/\/www.comisionporlamemoria.org\/sitiosdememoria\/wp-content\/uploads\/sites\/16\/sites\/31\/2020\/09\/ENCUENTRO-RED-DE-SITIOS-CPM-2019-8-800x534.jpg 800w, https:\/\/www.comisionporlamemoria.org\/sitiosdememoria\/wp-content\/uploads\/sites\/16\/sites\/31\/2020\/09\/ENCUENTRO-RED-DE-SITIOS-CPM-2019-8.jpg 1024w\" sizes=\"(min-width: 2200px) 100vw, (min-width: 856px) 293px, (min-width: 784px) 390px, (min-width: 712px) 585px, (min-width: 640px) 712px, \" \/><\/a><\/div><\/div><div style=\"padding:10px;\" class=\"fusion-grid-column fusion-gallery-column fusion-gallery-column-4 hover-type-zoomin\"><div class=\"fusion-gallery-image\"><a href=\"https:\/\/www.comisionporlamemoria.org\/sitiosdememoria\/wp-content\/uploads\/sites\/16\/sites\/31\/2020\/09\/ENCUENTRO-RED-DE-SITIOS-CPM-2019-7.jpg\" rel=\"noreferrer\" data-rel=\"iLightbox[gallery_image_1]\" class=\"fusion-lightbox\" target=\"_self\"><img decoding=\"async\" src=\"https:\/\/www.comisionporlamemoria.org\/sitiosdememoria\/wp-content\/uploads\/sites\/16\/sites\/31\/2020\/09\/ENCUENTRO-RED-DE-SITIOS-CPM-2019-7.jpg\" width=\"1024\" height=\"683\" alt=\"\" title=\"ENCUENTRO-RED-DE-SITIOS-CPM-2019-7\" aria-label=\"ENCUENTRO-RED-DE-SITIOS-CPM-2019-7\" class=\"img-responsive wp-image-2403\" srcset=\"https:\/\/www.comisionporlamemoria.org\/sitiosdememoria\/wp-content\/uploads\/sites\/16\/sites\/31\/2020\/09\/ENCUENTRO-RED-DE-SITIOS-CPM-2019-7-200x133.jpg 200w, https:\/\/www.comisionporlamemoria.org\/sitiosdememoria\/wp-content\/uploads\/sites\/16\/sites\/31\/2020\/09\/ENCUENTRO-RED-DE-SITIOS-CPM-2019-7-400x267.jpg 400w, https:\/\/www.comisionporlamemoria.org\/sitiosdememoria\/wp-content\/uploads\/sites\/16\/sites\/31\/2020\/09\/ENCUENTRO-RED-DE-SITIOS-CPM-2019-7-600x400.jpg 600w, https:\/\/www.comisionporlamemoria.org\/sitiosdememoria\/wp-content\/uploads\/sites\/16\/sites\/31\/2020\/09\/ENCUENTRO-RED-DE-SITIOS-CPM-2019-7-800x534.jpg 800w, https:\/\/www.comisionporlamemoria.org\/sitiosdememoria\/wp-content\/uploads\/sites\/16\/sites\/31\/2020\/09\/ENCUENTRO-RED-DE-SITIOS-CPM-2019-7.jpg 1024w\" sizes=\"(min-width: 2200px) 100vw, (min-width: 856px) 293px, (min-width: 784px) 390px, (min-width: 712px) 585px, (min-width: 640px) 712px, \" \/><\/a><\/div><\/div><div style=\"padding:10px;\" class=\"fusion-grid-column fusion-gallery-column fusion-gallery-column-4 hover-type-zoomin\"><div class=\"fusion-gallery-image\"><a href=\"https:\/\/www.comisionporlamemoria.org\/sitiosdememoria\/wp-content\/uploads\/sites\/16\/sites\/31\/2020\/09\/ENCUENTRO-RED-DE-SITIOS-CPM-2019-6.jpg\" rel=\"noreferrer\" data-rel=\"iLightbox[gallery_image_1]\" class=\"fusion-lightbox\" target=\"_self\"><img decoding=\"async\" src=\"https:\/\/www.comisionporlamemoria.org\/sitiosdememoria\/wp-content\/uploads\/sites\/16\/sites\/31\/2020\/09\/ENCUENTRO-RED-DE-SITIOS-CPM-2019-6.jpg\" width=\"1024\" height=\"683\" alt=\"\" title=\"ENCUENTRO-RED-DE-SITIOS-CPM-2019-6\" aria-label=\"ENCUENTRO-RED-DE-SITIOS-CPM-2019-6\" class=\"img-responsive wp-image-2402\" srcset=\"https:\/\/www.comisionporlamemoria.org\/sitiosdememoria\/wp-content\/uploads\/sites\/16\/sites\/31\/2020\/09\/ENCUENTRO-RED-DE-SITIOS-CPM-2019-6-200x133.jpg 200w, https:\/\/www.comisionporlamemoria.org\/sitiosdememoria\/wp-content\/uploads\/sites\/16\/sites\/31\/2020\/09\/ENCUENTRO-RED-DE-SITIOS-CPM-2019-6-400x267.jpg 400w, https:\/\/www.comisionporlamemoria.org\/sitiosdememoria\/wp-content\/uploads\/sites\/16\/sites\/31\/2020\/09\/ENCUENTRO-RED-DE-SITIOS-CPM-2019-6-600x400.jpg 600w, https:\/\/www.comisionporlamemoria.org\/sitiosdememoria\/wp-content\/uploads\/sites\/16\/sites\/31\/2020\/09\/ENCUENTRO-RED-DE-SITIOS-CPM-2019-6-800x534.jpg 800w, https:\/\/www.comisionporlamemoria.org\/sitiosdememoria\/wp-content\/uploads\/sites\/16\/sites\/31\/2020\/09\/ENCUENTRO-RED-DE-SITIOS-CPM-2019-6.jpg 1024w\" sizes=\"(min-width: 2200px) 100vw, (min-width: 856px) 293px, (min-width: 784px) 390px, (min-width: 712px) 585px, (min-width: 640px) 712px, \" \/><\/a><\/div><\/div><div style=\"padding:10px;\" class=\"fusion-grid-column fusion-gallery-column fusion-gallery-column-4 hover-type-zoomin\"><div class=\"fusion-gallery-image\"><a href=\"https:\/\/www.comisionporlamemoria.org\/sitiosdememoria\/wp-content\/uploads\/sites\/16\/sites\/31\/2020\/09\/ENCUENTRO-RED-DE-SITIOS-CPM-2019-4.jpg\" rel=\"noreferrer\" data-rel=\"iLightbox[gallery_image_1]\" class=\"fusion-lightbox\" target=\"_self\"><img decoding=\"async\" src=\"https:\/\/www.comisionporlamemoria.org\/sitiosdememoria\/wp-content\/uploads\/sites\/16\/sites\/31\/2020\/09\/ENCUENTRO-RED-DE-SITIOS-CPM-2019-4.jpg\" width=\"1024\" height=\"683\" alt=\"\" title=\"ENCUENTRO-RED-DE-SITIOS-CPM-2019-4\" aria-label=\"ENCUENTRO-RED-DE-SITIOS-CPM-2019-4\" class=\"img-responsive wp-image-2400\" srcset=\"https:\/\/www.comisionporlamemoria.org\/sitiosdememoria\/wp-content\/uploads\/sites\/16\/sites\/31\/2020\/09\/ENCUENTRO-RED-DE-SITIOS-CPM-2019-4-200x133.jpg 200w, https:\/\/www.comisionporlamemoria.org\/sitiosdememoria\/wp-content\/uploads\/sites\/16\/sites\/31\/2020\/09\/ENCUENTRO-RED-DE-SITIOS-CPM-2019-4-400x267.jpg 400w, https:\/\/www.comisionporlamemoria.org\/sitiosdememoria\/wp-content\/uploads\/sites\/16\/sites\/31\/2020\/09\/ENCUENTRO-RED-DE-SITIOS-CPM-2019-4-600x400.jpg 600w, https:\/\/www.comisionporlamemoria.org\/sitiosdememoria\/wp-content\/uploads\/sites\/16\/sites\/31\/2020\/09\/ENCUENTRO-RED-DE-SITIOS-CPM-2019-4-800x534.jpg 800w, https:\/\/www.comisionporlamemoria.org\/sitiosdememoria\/wp-content\/uploads\/sites\/16\/sites\/31\/2020\/09\/ENCUENTRO-RED-DE-SITIOS-CPM-2019-4.jpg 1024w\" sizes=\"(min-width: 2200px) 100vw, (min-width: 856px) 293px, (min-width: 784px) 390px, (min-width: 712px) 585px, (min-width: 640px) 712px, \" \/><\/a><\/div><\/div><div class=\"clearfix\"><\/div><div style=\"padding:10px;\" class=\"fusion-grid-column fusion-gallery-column fusion-gallery-column-4 hover-type-zoomin\"><div class=\"fusion-gallery-image\"><a href=\"https:\/\/www.comisionporlamemoria.org\/sitiosdememoria\/wp-content\/uploads\/sites\/16\/sites\/31\/2020\/09\/ENCUENTRO-RED-DE-SITIOS-CPM-2019-3.jpg\" rel=\"noreferrer\" data-rel=\"iLightbox[gallery_image_1]\" class=\"fusion-lightbox\" target=\"_self\"><img decoding=\"async\" src=\"https:\/\/www.comisionporlamemoria.org\/sitiosdememoria\/wp-content\/uploads\/sites\/16\/sites\/31\/2020\/09\/ENCUENTRO-RED-DE-SITIOS-CPM-2019-3.jpg\" width=\"1024\" height=\"683\" alt=\"\" title=\"ENCUENTRO-RED-DE-SITIOS-CPM-2019-3\" aria-label=\"ENCUENTRO-RED-DE-SITIOS-CPM-2019-3\" class=\"img-responsive wp-image-2399\" srcset=\"https:\/\/www.comisionporlamemoria.org\/sitiosdememoria\/wp-content\/uploads\/sites\/16\/sites\/31\/2020\/09\/ENCUENTRO-RED-DE-SITIOS-CPM-2019-3-200x133.jpg 200w, https:\/\/www.comisionporlamemoria.org\/sitiosdememoria\/wp-content\/uploads\/sites\/16\/sites\/31\/2020\/09\/ENCUENTRO-RED-DE-SITIOS-CPM-2019-3-400x267.jpg 400w, https:\/\/www.comisionporlamemoria.org\/sitiosdememoria\/wp-content\/uploads\/sites\/16\/sites\/31\/2020\/09\/ENCUENTRO-RED-DE-SITIOS-CPM-2019-3-600x400.jpg 600w, https:\/\/www.comisionporlamemoria.org\/sitiosdememoria\/wp-content\/uploads\/sites\/16\/sites\/31\/2020\/09\/ENCUENTRO-RED-DE-SITIOS-CPM-2019-3-800x534.jpg 800w, https:\/\/www.comisionporlamemoria.org\/sitiosdememoria\/wp-content\/uploads\/sites\/16\/sites\/31\/2020\/09\/ENCUENTRO-RED-DE-SITIOS-CPM-2019-3.jpg 1024w\" sizes=\"(min-width: 2200px) 100vw, (min-width: 856px) 293px, (min-width: 784px) 390px, (min-width: 712px) 585px, (min-width: 640px) 712px, \" \/><\/a><\/div><\/div><div style=\"padding:10px;\" class=\"fusion-grid-column fusion-gallery-column fusion-gallery-column-4 hover-type-zoomin\"><div class=\"fusion-gallery-image\"><a href=\"https:\/\/www.comisionporlamemoria.org\/sitiosdememoria\/wp-content\/uploads\/sites\/16\/sites\/31\/2020\/09\/ENCUENTRO-RED-DE-SITIOS-CPM-2019-2.jpg\" rel=\"noreferrer\" data-rel=\"iLightbox[gallery_image_1]\" class=\"fusion-lightbox\" target=\"_self\"><img decoding=\"async\" src=\"https:\/\/www.comisionporlamemoria.org\/sitiosdememoria\/wp-content\/uploads\/sites\/16\/sites\/31\/2020\/09\/ENCUENTRO-RED-DE-SITIOS-CPM-2019-2.jpg\" width=\"1024\" height=\"683\" alt=\"\" title=\"ENCUENTRO-RED-DE-SITIOS-CPM-2019-2\" aria-label=\"ENCUENTRO-RED-DE-SITIOS-CPM-2019-2\" class=\"img-responsive wp-image-2398\" srcset=\"https:\/\/www.comisionporlamemoria.org\/sitiosdememoria\/wp-content\/uploads\/sites\/16\/sites\/31\/2020\/09\/ENCUENTRO-RED-DE-SITIOS-CPM-2019-2-200x133.jpg 200w, https:\/\/www.comisionporlamemoria.org\/sitiosdememoria\/wp-content\/uploads\/sites\/16\/sites\/31\/2020\/09\/ENCUENTRO-RED-DE-SITIOS-CPM-2019-2-400x267.jpg 400w, https:\/\/www.comisionporlamemoria.org\/sitiosdememoria\/wp-content\/uploads\/sites\/16\/sites\/31\/2020\/09\/ENCUENTRO-RED-DE-SITIOS-CPM-2019-2-600x400.jpg 600w, https:\/\/www.comisionporlamemoria.org\/sitiosdememoria\/wp-content\/uploads\/sites\/16\/sites\/31\/2020\/09\/ENCUENTRO-RED-DE-SITIOS-CPM-2019-2-800x534.jpg 800w, https:\/\/www.comisionporlamemoria.org\/sitiosdememoria\/wp-content\/uploads\/sites\/16\/sites\/31\/2020\/09\/ENCUENTRO-RED-DE-SITIOS-CPM-2019-2.jpg 1024w\" sizes=\"(min-width: 2200px) 100vw, (min-width: 856px) 293px, (min-width: 784px) 390px, (min-width: 712px) 585px, (min-width: 640px) 712px, \" \/><\/a><\/div><\/div><div style=\"padding:10px;\" class=\"fusion-grid-column fusion-gallery-column fusion-gallery-column-4 hover-type-zoomin\"><div class=\"fusion-gallery-image\"><a href=\"https:\/\/www.comisionporlamemoria.org\/sitiosdememoria\/wp-content\/uploads\/sites\/16\/sites\/31\/2020\/09\/ENCUENTRO-RED-DE-SITIOS-CPM-2019-1.jpg\" rel=\"noreferrer\" data-rel=\"iLightbox[gallery_image_1]\" class=\"fusion-lightbox\" target=\"_self\"><img decoding=\"async\" src=\"https:\/\/www.comisionporlamemoria.org\/sitiosdememoria\/wp-content\/uploads\/sites\/16\/sites\/31\/2020\/09\/ENCUENTRO-RED-DE-SITIOS-CPM-2019-1.jpg\" width=\"1024\" height=\"683\" alt=\"\" title=\"ENCUENTRO-RED-DE-SITIOS-CPM-2019-1\" aria-label=\"ENCUENTRO-RED-DE-SITIOS-CPM-2019-1\" class=\"img-responsive wp-image-2397\" srcset=\"https:\/\/www.comisionporlamemoria.org\/sitiosdememoria\/wp-content\/uploads\/sites\/16\/sites\/31\/2020\/09\/ENCUENTRO-RED-DE-SITIOS-CPM-2019-1-200x133.jpg 200w, https:\/\/www.comisionporlamemoria.org\/sitiosdememoria\/wp-content\/uploads\/sites\/16\/sites\/31\/2020\/09\/ENCUENTRO-RED-DE-SITIOS-CPM-2019-1-400x267.jpg 400w, https:\/\/www.comisionporlamemoria.org\/sitiosdememoria\/wp-content\/uploads\/sites\/16\/sites\/31\/2020\/09\/ENCUENTRO-RED-DE-SITIOS-CPM-2019-1-600x400.jpg 600w, https:\/\/www.comisionporlamemoria.org\/sitiosdememoria\/wp-content\/uploads\/sites\/16\/sites\/31\/2020\/09\/ENCUENTRO-RED-DE-SITIOS-CPM-2019-1-800x534.jpg 800w, https:\/\/www.comisionporlamemoria.org\/sitiosdememoria\/wp-content\/uploads\/sites\/16\/sites\/31\/2020\/09\/ENCUENTRO-RED-DE-SITIOS-CPM-2019-1.jpg 1024w\" sizes=\"(min-width: 2200px) 100vw, (min-width: 856px) 293px, (min-width: 784px) 390px, (min-width: 712px) 585px, (min-width: 640px) 712px, \" \/><\/a><\/div><\/div><div style=\"padding:10px;\" class=\"fusion-grid-column fusion-gallery-column fusion-gallery-column-4 hover-type-zoomin\"><div class=\"fusion-gallery-image\"><a href=\"https:\/\/www.comisionporlamemoria.org\/sitiosdememoria\/wp-content\/uploads\/sites\/16\/sites\/31\/2020\/09\/ENCUENTRO-RED-DE-SITIOS-CPM-2019-9.jpg\" rel=\"noreferrer\" data-rel=\"iLightbox[gallery_image_1]\" class=\"fusion-lightbox\" target=\"_self\"><img decoding=\"async\" src=\"https:\/\/www.comisionporlamemoria.org\/sitiosdememoria\/wp-content\/uploads\/sites\/16\/sites\/31\/2020\/09\/ENCUENTRO-RED-DE-SITIOS-CPM-2019-9.jpg\" width=\"1024\" height=\"683\" alt=\"\" title=\"ENCUENTRO-RED-DE-SITIOS-CPM-2019-9\" aria-label=\"ENCUENTRO-RED-DE-SITIOS-CPM-2019-9\" class=\"img-responsive wp-image-2396\" srcset=\"https:\/\/www.comisionporlamemoria.org\/sitiosdememoria\/wp-content\/uploads\/sites\/16\/sites\/31\/2020\/09\/ENCUENTRO-RED-DE-SITIOS-CPM-2019-9-200x133.jpg 200w, https:\/\/www.comisionporlamemoria.org\/sitiosdememoria\/wp-content\/uploads\/sites\/16\/sites\/31\/2020\/09\/ENCUENTRO-RED-DE-SITIOS-CPM-2019-9-400x267.jpg 400w, https:\/\/www.comisionporlamemoria.org\/sitiosdememoria\/wp-content\/uploads\/sites\/16\/sites\/31\/2020\/09\/ENCUENTRO-RED-DE-SITIOS-CPM-2019-9-600x400.jpg 600w, https:\/\/www.comisionporlamemoria.org\/sitiosdememoria\/wp-content\/uploads\/sites\/16\/sites\/31\/2020\/09\/ENCUENTRO-RED-DE-SITIOS-CPM-2019-9-800x534.jpg 800w, https:\/\/www.comisionporlamemoria.org\/sitiosdememoria\/wp-content\/uploads\/sites\/16\/sites\/31\/2020\/09\/ENCUENTRO-RED-DE-SITIOS-CPM-2019-9.jpg 1024w\" sizes=\"(min-width: 2200px) 100vw, (min-width: 856px) 293px, (min-width: 784px) 390px, (min-width: 712px) 585px, (min-width: 640px) 712px, \" \/><\/a><\/div><\/div><div class=\"clearfix\"><\/div><\/div><\/div><\/div><\/div><\/div><\/div>\n","protected":false},"excerpt":{"rendered":"","protected":false},"author":32,"featured_media":2399,"comment_status":"open","ping_status":"open","sticky":false,"template":"","format":"standard","meta":{"footnotes":""},"categories":[11],"tags":[],"class_list":["post-2394","post","type-post","status-publish","format-standard","has-post-thumbnail","hentry","category-actividades-en-red"],"jetpack_featured_media_url":"https:\/\/www.comisionporlamemoria.org\/sitiosdememoria\/wp-content\/uploads\/sites\/16\/sites\/31\/2020\/09\/ENCUENTRO-RED-DE-SITIOS-CPM-2019-3.jpg","_links":{"self":[{"href":"https:\/\/www.comisionporlamemoria.org\/sitiosdememoria\/wp-json\/wp\/v2\/posts\/2394","targetHints":{"allow":["GET"]}}],"collection":[{"href":"https:\/\/www.comisionporlamemoria.org\/sitiosdememoria\/wp-json\/wp\/v2\/posts"}],"about":[{"href":"https:\/\/www.comisionporlamemoria.org\/sitiosdememoria\/wp-json\/wp\/v2\/types\/post"}],"author":[{"embeddable":true,"href":"https:\/\/www.comisionporlamemoria.org\/sitiosdememoria\/wp-json\/wp\/v2\/users\/32"}],"replies":[{"embeddable":true,"href":"https:\/\/www.comisionporlamemoria.org\/sitiosdememoria\/wp-json\/wp\/v2\/comments?post=2394"}],"version-history":[{"count":0,"href":"https:\/\/www.comisionporlamemoria.org\/sitiosdememoria\/wp-json\/wp\/v2\/posts\/2394\/revisions"}],"wp:featuredmedia":[{"embeddable":true,"href":"https:\/\/www.comisionporlamemoria.org\/sitiosdememoria\/wp-json\/wp\/v2\/media\/2399"}],"wp:attachment":[{"href":"https:\/\/www.comisionporlamemoria.org\/sitiosdememoria\/wp-json\/wp\/v2\/media?parent=2394"}],"wp:term":[{"taxonomy":"category","embeddable":true,"href":"https:\/\/www.comisionporlamemoria.org\/sitiosdememoria\/wp-json\/wp\/v2\/categories?post=2394"},{"taxonomy":"post_tag","embeddable":true,"href":"https:\/\/www.comisionporlamemoria.org\/sitiosdememoria\/wp-json\/wp\/v2\/tags?post=2394"}],"curies":[{"name":"wp","href":"https:\/\/api.w.org\/{rel}","templated":true}]}}