{"id":2515,"date":"2019-12-01T18:15:24","date_gmt":"2019-12-01T18:15:24","guid":{"rendered":"https:\/\/www.comisionporlamemoria.org\/sitiosdememoria\/?p=2515"},"modified":"2020-10-05T20:42:55","modified_gmt":"2020-10-05T20:42:55","slug":"encuentro-nacional-de-sitios-de-memoria-2019","status":"publish","type":"post","link":"https:\/\/www.comisionporlamemoria.org\/sitiosdememoria\/encuentro-nacional-de-sitios-de-memoria-2019\/","title":{"rendered":"Encuentro Nacional de sitios de memoria -2019-"},"content":{"rendered":"<div class=\"fusion-fullwidth fullwidth-box fusion-builder-row-1 fusion-flex-container nonhundred-percent-fullwidth non-hundred-percent-height-scrolling\" style=\"--awb-border-radius-top-left:0px;--awb-border-radius-top-right:0px;--awb-border-radius-bottom-right:0px;--awb-border-radius-bottom-left:0px;--awb-flex-wrap:wrap;\" ><div class=\"fusion-builder-row fusion-row fusion-flex-align-items-flex-start fusion-flex-content-wrap\" style=\"max-width:1248px;margin-left: calc(-4% \/ 2 );margin-right: calc(-4% \/ 2 );\"><div class=\"fusion-layout-column fusion_builder_column fusion-builder-column-0 fusion_builder_column_1_1 1_1 fusion-flex-column\" style=\"--awb-bg-size:cover;--awb-width-large:100%;--awb-margin-top-large:0px;--awb-spacing-right-large:1.92%;--awb-margin-bottom-large:0px;--awb-spacing-left-large:1.92%;--awb-width-medium:100%;--awb-spacing-right-medium:1.92%;--awb-spacing-left-medium:1.92%;--awb-width-small:100%;--awb-spacing-right-small:1.92%;--awb-spacing-left-small:1.92%;\"><div class=\"fusion-column-wrapper fusion-flex-justify-content-flex-start fusion-content-layout-column\"><div class=\"fusion-text fusion-text-1\"><p style=\"text-align: justify\">En el mes de diciembre el programa organiz\u00f3 en Chapadmalal el IV Encuentro nacional de organizaciones y espacios de memoria que se desarroll\u00f3 conjuntamente con el Encuentro nacional de familiares contra la tortura y otras violencias estatales. Ambos encuentros compartieron los espacios de reflexi\u00f3n y formaci\u00f3n para intercambiar sus experiencias de trabajo, identificar problemas y desaf\u00edos, y coordinar estrategias de trabajo para la vinculaci\u00f3n territorial. Participaron 450 familiares v\u00edctimas de violencia estatales y unos 60 referentes de organizaciones y espacios de memoria de todo el pa\u00eds.<\/p>\n<\/div><div class=\"awb-gallery-wrapper awb-gallery-wrapper-1 button-span-no\"><div style=\"margin:-10px;--awb-bordersize:0px;\" class=\"fusion-gallery fusion-gallery-container fusion-grid-3 fusion-columns-total-13 fusion-gallery-layout-grid fusion-gallery-1\"><div style=\"padding:10px;\" class=\"fusion-grid-column fusion-gallery-column fusion-gallery-column-3 hover-type-zoomin\"><div class=\"fusion-gallery-image\"><a href=\"https:\/\/www.comisionporlamemoria.org\/sitiosdememoria\/wp-content\/uploads\/sites\/16\/sites\/31\/2020\/10\/ENCUENTRO-NACIONAL-SITIOS-CHAPADMALAL-1.jpg\" rel=\"noreferrer\" data-rel=\"iLightbox[gallery_image_1]\" class=\"fusion-lightbox\" target=\"_self\"><img decoding=\"async\" src=\"https:\/\/www.comisionporlamemoria.org\/sitiosdememoria\/wp-content\/uploads\/sites\/16\/sites\/31\/2020\/10\/ENCUENTRO-NACIONAL-SITIOS-CHAPADMALAL-1.jpg\" width=\"1024\" height=\"683\" alt=\"\" title=\"ENCUENTRO-NACIONAL-SITIOS-CHAPADMALAL-1\" aria-label=\"ENCUENTRO-NACIONAL-SITIOS-CHAPADMALAL-1\" class=\"img-responsive wp-image-2552\" srcset=\"https:\/\/www.comisionporlamemoria.org\/sitiosdememoria\/wp-content\/uploads\/sites\/16\/sites\/31\/2020\/10\/ENCUENTRO-NACIONAL-SITIOS-CHAPADMALAL-1-200x133.jpg 200w, https:\/\/www.comisionporlamemoria.org\/sitiosdememoria\/wp-content\/uploads\/sites\/16\/sites\/31\/2020\/10\/ENCUENTRO-NACIONAL-SITIOS-CHAPADMALAL-1-400x267.jpg 400w, https:\/\/www.comisionporlamemoria.org\/sitiosdememoria\/wp-content\/uploads\/sites\/16\/sites\/31\/2020\/10\/ENCUENTRO-NACIONAL-SITIOS-CHAPADMALAL-1-600x400.jpg 600w, https:\/\/www.comisionporlamemoria.org\/sitiosdememoria\/wp-content\/uploads\/sites\/16\/sites\/31\/2020\/10\/ENCUENTRO-NACIONAL-SITIOS-CHAPADMALAL-1-800x534.jpg 800w, https:\/\/www.comisionporlamemoria.org\/sitiosdememoria\/wp-content\/uploads\/sites\/16\/sites\/31\/2020\/10\/ENCUENTRO-NACIONAL-SITIOS-CHAPADMALAL-1.jpg 1024w\" sizes=\"(min-width: 2200px) 100vw, (min-width: 784px) 393px, (min-width: 712px) 590px, (min-width: 640px) 712px, \" \/><\/a><\/div><\/div><div style=\"padding:10px;\" class=\"fusion-grid-column fusion-gallery-column fusion-gallery-column-3 hover-type-zoomin\"><div class=\"fusion-gallery-image\"><a href=\"https:\/\/www.comisionporlamemoria.org\/sitiosdememoria\/wp-content\/uploads\/sites\/16\/sites\/31\/2020\/10\/ENCUENTRO-NACIONAL-SITIOS-CHAPADMALAL-2.jpg\" rel=\"noreferrer\" data-rel=\"iLightbox[gallery_image_1]\" class=\"fusion-lightbox\" target=\"_self\"><img decoding=\"async\" src=\"https:\/\/www.comisionporlamemoria.org\/sitiosdememoria\/wp-content\/uploads\/sites\/16\/sites\/31\/2020\/10\/ENCUENTRO-NACIONAL-SITIOS-CHAPADMALAL-2.jpg\" width=\"1024\" height=\"683\" alt=\"\" title=\"ENCUENTRO-NACIONAL-SITIOS-CHAPADMALAL-2\" aria-label=\"ENCUENTRO-NACIONAL-SITIOS-CHAPADMALAL-2\" class=\"img-responsive wp-image-2553\" srcset=\"https:\/\/www.comisionporlamemoria.org\/sitiosdememoria\/wp-content\/uploads\/sites\/16\/sites\/31\/2020\/10\/ENCUENTRO-NACIONAL-SITIOS-CHAPADMALAL-2-200x133.jpg 200w, https:\/\/www.comisionporlamemoria.org\/sitiosdememoria\/wp-content\/uploads\/sites\/16\/sites\/31\/2020\/10\/ENCUENTRO-NACIONAL-SITIOS-CHAPADMALAL-2-400x267.jpg 400w, https:\/\/www.comisionporlamemoria.org\/sitiosdememoria\/wp-content\/uploads\/sites\/16\/sites\/31\/2020\/10\/ENCUENTRO-NACIONAL-SITIOS-CHAPADMALAL-2-600x400.jpg 600w, https:\/\/www.comisionporlamemoria.org\/sitiosdememoria\/wp-content\/uploads\/sites\/16\/sites\/31\/2020\/10\/ENCUENTRO-NACIONAL-SITIOS-CHAPADMALAL-2-800x534.jpg 800w, https:\/\/www.comisionporlamemoria.org\/sitiosdememoria\/wp-content\/uploads\/sites\/16\/sites\/31\/2020\/10\/ENCUENTRO-NACIONAL-SITIOS-CHAPADMALAL-2.jpg 1024w\" sizes=\"(min-width: 2200px) 100vw, (min-width: 784px) 393px, (min-width: 712px) 590px, (min-width: 640px) 712px, \" \/><\/a><\/div><\/div><div style=\"padding:10px;\" class=\"fusion-grid-column fusion-gallery-column fusion-gallery-column-3 hover-type-zoomin\"><div class=\"fusion-gallery-image\"><a href=\"https:\/\/www.comisionporlamemoria.org\/sitiosdememoria\/wp-content\/uploads\/sites\/16\/sites\/31\/2020\/10\/ENCUENTRO-NACIONAL-SITIOS-CHAPADMALAL-3.jpg\" rel=\"noreferrer\" data-rel=\"iLightbox[gallery_image_1]\" class=\"fusion-lightbox\" target=\"_self\"><img decoding=\"async\" src=\"https:\/\/www.comisionporlamemoria.org\/sitiosdememoria\/wp-content\/uploads\/sites\/16\/sites\/31\/2020\/10\/ENCUENTRO-NACIONAL-SITIOS-CHAPADMALAL-3.jpg\" width=\"1024\" height=\"683\" alt=\"\" title=\"ENCUENTRO-NACIONAL-SITIOS-CHAPADMALAL-3\" aria-label=\"ENCUENTRO-NACIONAL-SITIOS-CHAPADMALAL-3\" class=\"img-responsive wp-image-2554\" srcset=\"https:\/\/www.comisionporlamemoria.org\/sitiosdememoria\/wp-content\/uploads\/sites\/16\/sites\/31\/2020\/10\/ENCUENTRO-NACIONAL-SITIOS-CHAPADMALAL-3-200x133.jpg 200w, https:\/\/www.comisionporlamemoria.org\/sitiosdememoria\/wp-content\/uploads\/sites\/16\/sites\/31\/2020\/10\/ENCUENTRO-NACIONAL-SITIOS-CHAPADMALAL-3-400x267.jpg 400w, https:\/\/www.comisionporlamemoria.org\/sitiosdememoria\/wp-content\/uploads\/sites\/16\/sites\/31\/2020\/10\/ENCUENTRO-NACIONAL-SITIOS-CHAPADMALAL-3-600x400.jpg 600w, https:\/\/www.comisionporlamemoria.org\/sitiosdememoria\/wp-content\/uploads\/sites\/16\/sites\/31\/2020\/10\/ENCUENTRO-NACIONAL-SITIOS-CHAPADMALAL-3-800x534.jpg 800w, https:\/\/www.comisionporlamemoria.org\/sitiosdememoria\/wp-content\/uploads\/sites\/16\/sites\/31\/2020\/10\/ENCUENTRO-NACIONAL-SITIOS-CHAPADMALAL-3.jpg 1024w\" sizes=\"(min-width: 2200px) 100vw, (min-width: 784px) 393px, (min-width: 712px) 590px, (min-width: 640px) 712px, \" \/><\/a><\/div><\/div><div class=\"clearfix\"><\/div><div style=\"padding:10px;\" class=\"fusion-grid-column fusion-gallery-column fusion-gallery-column-3 hover-type-zoomin\"><div class=\"fusion-gallery-image\"><a href=\"https:\/\/www.comisionporlamemoria.org\/sitiosdememoria\/wp-content\/uploads\/sites\/16\/sites\/31\/2020\/10\/ENCUENTRO-NACIONAL-SITIOS-CHAPADMALAL-4.jpg\" rel=\"noreferrer\" data-rel=\"iLightbox[gallery_image_1]\" class=\"fusion-lightbox\" target=\"_self\"><img decoding=\"async\" src=\"https:\/\/www.comisionporlamemoria.org\/sitiosdememoria\/wp-content\/uploads\/sites\/16\/sites\/31\/2020\/10\/ENCUENTRO-NACIONAL-SITIOS-CHAPADMALAL-4.jpg\" width=\"1024\" height=\"683\" alt=\"\" title=\"ENCUENTRO-NACIONAL-SITIOS-CHAPADMALAL-4\" aria-label=\"ENCUENTRO-NACIONAL-SITIOS-CHAPADMALAL-4\" class=\"img-responsive wp-image-2555\" srcset=\"https:\/\/www.comisionporlamemoria.org\/sitiosdememoria\/wp-content\/uploads\/sites\/16\/sites\/31\/2020\/10\/ENCUENTRO-NACIONAL-SITIOS-CHAPADMALAL-4-200x133.jpg 200w, https:\/\/www.comisionporlamemoria.org\/sitiosdememoria\/wp-content\/uploads\/sites\/16\/sites\/31\/2020\/10\/ENCUENTRO-NACIONAL-SITIOS-CHAPADMALAL-4-400x267.jpg 400w, https:\/\/www.comisionporlamemoria.org\/sitiosdememoria\/wp-content\/uploads\/sites\/16\/sites\/31\/2020\/10\/ENCUENTRO-NACIONAL-SITIOS-CHAPADMALAL-4-600x400.jpg 600w, https:\/\/www.comisionporlamemoria.org\/sitiosdememoria\/wp-content\/uploads\/sites\/16\/sites\/31\/2020\/10\/ENCUENTRO-NACIONAL-SITIOS-CHAPADMALAL-4-800x534.jpg 800w, https:\/\/www.comisionporlamemoria.org\/sitiosdememoria\/wp-content\/uploads\/sites\/16\/sites\/31\/2020\/10\/ENCUENTRO-NACIONAL-SITIOS-CHAPADMALAL-4.jpg 1024w\" sizes=\"(min-width: 2200px) 100vw, (min-width: 784px) 393px, (min-width: 712px) 590px, (min-width: 640px) 712px, \" \/><\/a><\/div><\/div><div style=\"padding:10px;\" class=\"fusion-grid-column fusion-gallery-column fusion-gallery-column-3 hover-type-zoomin\"><div class=\"fusion-gallery-image\"><a href=\"https:\/\/www.comisionporlamemoria.org\/sitiosdememoria\/wp-content\/uploads\/sites\/16\/sites\/31\/2020\/10\/ENCUENTRO-NACIONAL-SITIOS-CHAPADMALAL-5.jpg\" rel=\"noreferrer\" data-rel=\"iLightbox[gallery_image_1]\" class=\"fusion-lightbox\" target=\"_self\"><img decoding=\"async\" src=\"https:\/\/www.comisionporlamemoria.org\/sitiosdememoria\/wp-content\/uploads\/sites\/16\/sites\/31\/2020\/10\/ENCUENTRO-NACIONAL-SITIOS-CHAPADMALAL-5.jpg\" width=\"1024\" height=\"683\" alt=\"\" title=\"ENCUENTRO-NACIONAL-SITIOS-CHAPADMALAL-5\" aria-label=\"ENCUENTRO-NACIONAL-SITIOS-CHAPADMALAL-5\" class=\"img-responsive wp-image-2556\" srcset=\"https:\/\/www.comisionporlamemoria.org\/sitiosdememoria\/wp-content\/uploads\/sites\/16\/sites\/31\/2020\/10\/ENCUENTRO-NACIONAL-SITIOS-CHAPADMALAL-5-200x133.jpg 200w, https:\/\/www.comisionporlamemoria.org\/sitiosdememoria\/wp-content\/uploads\/sites\/16\/sites\/31\/2020\/10\/ENCUENTRO-NACIONAL-SITIOS-CHAPADMALAL-5-400x267.jpg 400w, https:\/\/www.comisionporlamemoria.org\/sitiosdememoria\/wp-content\/uploads\/sites\/16\/sites\/31\/2020\/10\/ENCUENTRO-NACIONAL-SITIOS-CHAPADMALAL-5-600x400.jpg 600w, https:\/\/www.comisionporlamemoria.org\/sitiosdememoria\/wp-content\/uploads\/sites\/16\/sites\/31\/2020\/10\/ENCUENTRO-NACIONAL-SITIOS-CHAPADMALAL-5-800x534.jpg 800w, https:\/\/www.comisionporlamemoria.org\/sitiosdememoria\/wp-content\/uploads\/sites\/16\/sites\/31\/2020\/10\/ENCUENTRO-NACIONAL-SITIOS-CHAPADMALAL-5.jpg 1024w\" sizes=\"(min-width: 2200px) 100vw, (min-width: 784px) 393px, (min-width: 712px) 590px, (min-width: 640px) 712px, \" \/><\/a><\/div><\/div><div style=\"padding:10px;\" class=\"fusion-grid-column fusion-gallery-column fusion-gallery-column-3 hover-type-zoomin\"><div class=\"fusion-gallery-image\"><a href=\"https:\/\/www.comisionporlamemoria.org\/sitiosdememoria\/wp-content\/uploads\/sites\/16\/sites\/31\/2020\/10\/ENCUENTRO-NACIONAL-SITIOS-CHAPADMALAL-6.jpg\" rel=\"noreferrer\" data-rel=\"iLightbox[gallery_image_1]\" class=\"fusion-lightbox\" target=\"_self\"><img decoding=\"async\" src=\"https:\/\/www.comisionporlamemoria.org\/sitiosdememoria\/wp-content\/uploads\/sites\/16\/sites\/31\/2020\/10\/ENCUENTRO-NACIONAL-SITIOS-CHAPADMALAL-6.jpg\" width=\"1024\" height=\"683\" alt=\"\" title=\"ENCUENTRO-NACIONAL-SITIOS-CHAPADMALAL-6\" aria-label=\"ENCUENTRO-NACIONAL-SITIOS-CHAPADMALAL-6\" class=\"img-responsive wp-image-2557\" srcset=\"https:\/\/www.comisionporlamemoria.org\/sitiosdememoria\/wp-content\/uploads\/sites\/16\/sites\/31\/2020\/10\/ENCUENTRO-NACIONAL-SITIOS-CHAPADMALAL-6-200x133.jpg 200w, https:\/\/www.comisionporlamemoria.org\/sitiosdememoria\/wp-content\/uploads\/sites\/16\/sites\/31\/2020\/10\/ENCUENTRO-NACIONAL-SITIOS-CHAPADMALAL-6-400x267.jpg 400w, https:\/\/www.comisionporlamemoria.org\/sitiosdememoria\/wp-content\/uploads\/sites\/16\/sites\/31\/2020\/10\/ENCUENTRO-NACIONAL-SITIOS-CHAPADMALAL-6-600x400.jpg 600w, https:\/\/www.comisionporlamemoria.org\/sitiosdememoria\/wp-content\/uploads\/sites\/16\/sites\/31\/2020\/10\/ENCUENTRO-NACIONAL-SITIOS-CHAPADMALAL-6-800x534.jpg 800w, https:\/\/www.comisionporlamemoria.org\/sitiosdememoria\/wp-content\/uploads\/sites\/16\/sites\/31\/2020\/10\/ENCUENTRO-NACIONAL-SITIOS-CHAPADMALAL-6.jpg 1024w\" sizes=\"(min-width: 2200px) 100vw, (min-width: 784px) 393px, (min-width: 712px) 590px, (min-width: 640px) 712px, \" \/><\/a><\/div><\/div><div class=\"clearfix\"><\/div><div style=\"padding:10px;\" class=\"fusion-grid-column fusion-gallery-column fusion-gallery-column-3 hover-type-zoomin\"><div class=\"fusion-gallery-image\"><a href=\"https:\/\/www.comisionporlamemoria.org\/sitiosdememoria\/wp-content\/uploads\/sites\/16\/sites\/31\/2020\/10\/ENCUENTRO-NACIONAL-SITIOS-CHAPADMALAL-7.jpg\" rel=\"noreferrer\" data-rel=\"iLightbox[gallery_image_1]\" class=\"fusion-lightbox\" target=\"_self\"><img decoding=\"async\" src=\"https:\/\/www.comisionporlamemoria.org\/sitiosdememoria\/wp-content\/uploads\/sites\/16\/sites\/31\/2020\/10\/ENCUENTRO-NACIONAL-SITIOS-CHAPADMALAL-7.jpg\" width=\"1024\" height=\"683\" alt=\"\" title=\"ENCUENTRO-NACIONAL-SITIOS-CHAPADMALAL-7\" aria-label=\"ENCUENTRO-NACIONAL-SITIOS-CHAPADMALAL-7\" class=\"img-responsive wp-image-2558\" srcset=\"https:\/\/www.comisionporlamemoria.org\/sitiosdememoria\/wp-content\/uploads\/sites\/16\/sites\/31\/2020\/10\/ENCUENTRO-NACIONAL-SITIOS-CHAPADMALAL-7-200x133.jpg 200w, https:\/\/www.comisionporlamemoria.org\/sitiosdememoria\/wp-content\/uploads\/sites\/16\/sites\/31\/2020\/10\/ENCUENTRO-NACIONAL-SITIOS-CHAPADMALAL-7-400x267.jpg 400w, https:\/\/www.comisionporlamemoria.org\/sitiosdememoria\/wp-content\/uploads\/sites\/16\/sites\/31\/2020\/10\/ENCUENTRO-NACIONAL-SITIOS-CHAPADMALAL-7-600x400.jpg 600w, https:\/\/www.comisionporlamemoria.org\/sitiosdememoria\/wp-content\/uploads\/sites\/16\/sites\/31\/2020\/10\/ENCUENTRO-NACIONAL-SITIOS-CHAPADMALAL-7-800x534.jpg 800w, https:\/\/www.comisionporlamemoria.org\/sitiosdememoria\/wp-content\/uploads\/sites\/16\/sites\/31\/2020\/10\/ENCUENTRO-NACIONAL-SITIOS-CHAPADMALAL-7.jpg 1024w\" sizes=\"(min-width: 2200px) 100vw, (min-width: 784px) 393px, (min-width: 712px) 590px, (min-width: 640px) 712px, \" \/><\/a><\/div><\/div><div style=\"padding:10px;\" class=\"fusion-grid-column fusion-gallery-column fusion-gallery-column-3 hover-type-zoomin\"><div class=\"fusion-gallery-image\"><a href=\"https:\/\/www.comisionporlamemoria.org\/sitiosdememoria\/wp-content\/uploads\/sites\/16\/sites\/31\/2020\/10\/ENCUENTRO-NACIONAL-SITIOS-CHAPADMALAL-8.jpg\" rel=\"noreferrer\" data-rel=\"iLightbox[gallery_image_1]\" class=\"fusion-lightbox\" target=\"_self\"><img decoding=\"async\" src=\"https:\/\/www.comisionporlamemoria.org\/sitiosdememoria\/wp-content\/uploads\/sites\/16\/sites\/31\/2020\/10\/ENCUENTRO-NACIONAL-SITIOS-CHAPADMALAL-8.jpg\" width=\"1024\" height=\"683\" alt=\"\" title=\"ENCUENTRO-NACIONAL-SITIOS-CHAPADMALAL-8\" aria-label=\"ENCUENTRO-NACIONAL-SITIOS-CHAPADMALAL-8\" class=\"img-responsive wp-image-2559\" srcset=\"https:\/\/www.comisionporlamemoria.org\/sitiosdememoria\/wp-content\/uploads\/sites\/16\/sites\/31\/2020\/10\/ENCUENTRO-NACIONAL-SITIOS-CHAPADMALAL-8-200x133.jpg 200w, https:\/\/www.comisionporlamemoria.org\/sitiosdememoria\/wp-content\/uploads\/sites\/16\/sites\/31\/2020\/10\/ENCUENTRO-NACIONAL-SITIOS-CHAPADMALAL-8-400x267.jpg 400w, https:\/\/www.comisionporlamemoria.org\/sitiosdememoria\/wp-content\/uploads\/sites\/16\/sites\/31\/2020\/10\/ENCUENTRO-NACIONAL-SITIOS-CHAPADMALAL-8-600x400.jpg 600w, https:\/\/www.comisionporlamemoria.org\/sitiosdememoria\/wp-content\/uploads\/sites\/16\/sites\/31\/2020\/10\/ENCUENTRO-NACIONAL-SITIOS-CHAPADMALAL-8-800x534.jpg 800w, https:\/\/www.comisionporlamemoria.org\/sitiosdememoria\/wp-content\/uploads\/sites\/16\/sites\/31\/2020\/10\/ENCUENTRO-NACIONAL-SITIOS-CHAPADMALAL-8.jpg 1024w\" sizes=\"(min-width: 2200px) 100vw, (min-width: 784px) 393px, (min-width: 712px) 590px, (min-width: 640px) 712px, \" \/><\/a><\/div><\/div><div style=\"padding:10px;\" class=\"fusion-grid-column fusion-gallery-column fusion-gallery-column-3 hover-type-zoomin\"><div class=\"fusion-gallery-image\"><a href=\"https:\/\/www.comisionporlamemoria.org\/sitiosdememoria\/wp-content\/uploads\/sites\/16\/sites\/31\/2020\/10\/ENCUENTRO-NACIONAL-SITIOS-CHAPADMALAL-9.jpg\" rel=\"noreferrer\" data-rel=\"iLightbox[gallery_image_1]\" class=\"fusion-lightbox\" target=\"_self\"><img decoding=\"async\" src=\"https:\/\/www.comisionporlamemoria.org\/sitiosdememoria\/wp-content\/uploads\/sites\/16\/sites\/31\/2020\/10\/ENCUENTRO-NACIONAL-SITIOS-CHAPADMALAL-9.jpg\" width=\"1024\" height=\"683\" alt=\"\" title=\"ENCUENTRO-NACIONAL-SITIOS-CHAPADMALAL-9\" aria-label=\"ENCUENTRO-NACIONAL-SITIOS-CHAPADMALAL-9\" class=\"img-responsive wp-image-2560\" srcset=\"https:\/\/www.comisionporlamemoria.org\/sitiosdememoria\/wp-content\/uploads\/sites\/16\/sites\/31\/2020\/10\/ENCUENTRO-NACIONAL-SITIOS-CHAPADMALAL-9-200x133.jpg 200w, https:\/\/www.comisionporlamemoria.org\/sitiosdememoria\/wp-content\/uploads\/sites\/16\/sites\/31\/2020\/10\/ENCUENTRO-NACIONAL-SITIOS-CHAPADMALAL-9-400x267.jpg 400w, https:\/\/www.comisionporlamemoria.org\/sitiosdememoria\/wp-content\/uploads\/sites\/16\/sites\/31\/2020\/10\/ENCUENTRO-NACIONAL-SITIOS-CHAPADMALAL-9-600x400.jpg 600w, https:\/\/www.comisionporlamemoria.org\/sitiosdememoria\/wp-content\/uploads\/sites\/16\/sites\/31\/2020\/10\/ENCUENTRO-NACIONAL-SITIOS-CHAPADMALAL-9-800x534.jpg 800w, https:\/\/www.comisionporlamemoria.org\/sitiosdememoria\/wp-content\/uploads\/sites\/16\/sites\/31\/2020\/10\/ENCUENTRO-NACIONAL-SITIOS-CHAPADMALAL-9.jpg 1024w\" sizes=\"(min-width: 2200px) 100vw, (min-width: 784px) 393px, (min-width: 712px) 590px, (min-width: 640px) 712px, \" \/><\/a><\/div><\/div><div class=\"clearfix\"><\/div><div style=\"padding:10px;\" class=\"fusion-grid-column fusion-gallery-column fusion-gallery-column-3 hover-type-zoomin\"><div class=\"fusion-gallery-image\"><a href=\"https:\/\/www.comisionporlamemoria.org\/sitiosdememoria\/wp-content\/uploads\/sites\/16\/sites\/31\/2020\/10\/ENCUENTRO-NACIONAL-SITIOS-CHAPADMALAL-10.jpg\" rel=\"noreferrer\" data-rel=\"iLightbox[gallery_image_1]\" class=\"fusion-lightbox\" target=\"_self\"><img decoding=\"async\" src=\"https:\/\/www.comisionporlamemoria.org\/sitiosdememoria\/wp-content\/uploads\/sites\/16\/sites\/31\/2020\/10\/ENCUENTRO-NACIONAL-SITIOS-CHAPADMALAL-10.jpg\" width=\"1024\" height=\"683\" alt=\"\" title=\"ENCUENTRO-NACIONAL-SITIOS-CHAPADMALAL-10\" aria-label=\"ENCUENTRO-NACIONAL-SITIOS-CHAPADMALAL-10\" class=\"img-responsive wp-image-2561\" srcset=\"https:\/\/www.comisionporlamemoria.org\/sitiosdememoria\/wp-content\/uploads\/sites\/16\/sites\/31\/2020\/10\/ENCUENTRO-NACIONAL-SITIOS-CHAPADMALAL-10-200x133.jpg 200w, https:\/\/www.comisionporlamemoria.org\/sitiosdememoria\/wp-content\/uploads\/sites\/16\/sites\/31\/2020\/10\/ENCUENTRO-NACIONAL-SITIOS-CHAPADMALAL-10-400x267.jpg 400w, https:\/\/www.comisionporlamemoria.org\/sitiosdememoria\/wp-content\/uploads\/sites\/16\/sites\/31\/2020\/10\/ENCUENTRO-NACIONAL-SITIOS-CHAPADMALAL-10-600x400.jpg 600w, https:\/\/www.comisionporlamemoria.org\/sitiosdememoria\/wp-content\/uploads\/sites\/16\/sites\/31\/2020\/10\/ENCUENTRO-NACIONAL-SITIOS-CHAPADMALAL-10-800x534.jpg 800w, https:\/\/www.comisionporlamemoria.org\/sitiosdememoria\/wp-content\/uploads\/sites\/16\/sites\/31\/2020\/10\/ENCUENTRO-NACIONAL-SITIOS-CHAPADMALAL-10.jpg 1024w\" sizes=\"(min-width: 2200px) 100vw, (min-width: 784px) 393px, (min-width: 712px) 590px, (min-width: 640px) 712px, \" \/><\/a><\/div><\/div><div style=\"padding:10px;\" class=\"fusion-grid-column fusion-gallery-column fusion-gallery-column-3 hover-type-zoomin\"><div class=\"fusion-gallery-image\"><a href=\"https:\/\/www.comisionporlamemoria.org\/sitiosdememoria\/wp-content\/uploads\/sites\/16\/sites\/31\/2020\/10\/ENCUENTRO-NACIONAL-SITIOS-CHAPADMALAL-11.jpg\" rel=\"noreferrer\" data-rel=\"iLightbox[gallery_image_1]\" class=\"fusion-lightbox\" target=\"_self\"><img decoding=\"async\" src=\"https:\/\/www.comisionporlamemoria.org\/sitiosdememoria\/wp-content\/uploads\/sites\/16\/sites\/31\/2020\/10\/ENCUENTRO-NACIONAL-SITIOS-CHAPADMALAL-11.jpg\" width=\"1024\" height=\"683\" alt=\"\" title=\"ENCUENTRO-NACIONAL-SITIOS-CHAPADMALAL-11\" aria-label=\"ENCUENTRO-NACIONAL-SITIOS-CHAPADMALAL-11\" class=\"img-responsive wp-image-2562\" srcset=\"https:\/\/www.comisionporlamemoria.org\/sitiosdememoria\/wp-content\/uploads\/sites\/16\/sites\/31\/2020\/10\/ENCUENTRO-NACIONAL-SITIOS-CHAPADMALAL-11-200x133.jpg 200w, https:\/\/www.comisionporlamemoria.org\/sitiosdememoria\/wp-content\/uploads\/sites\/16\/sites\/31\/2020\/10\/ENCUENTRO-NACIONAL-SITIOS-CHAPADMALAL-11-400x267.jpg 400w, https:\/\/www.comisionporlamemoria.org\/sitiosdememoria\/wp-content\/uploads\/sites\/16\/sites\/31\/2020\/10\/ENCUENTRO-NACIONAL-SITIOS-CHAPADMALAL-11-600x400.jpg 600w, https:\/\/www.comisionporlamemoria.org\/sitiosdememoria\/wp-content\/uploads\/sites\/16\/sites\/31\/2020\/10\/ENCUENTRO-NACIONAL-SITIOS-CHAPADMALAL-11-800x534.jpg 800w, https:\/\/www.comisionporlamemoria.org\/sitiosdememoria\/wp-content\/uploads\/sites\/16\/sites\/31\/2020\/10\/ENCUENTRO-NACIONAL-SITIOS-CHAPADMALAL-11.jpg 1024w\" sizes=\"(min-width: 2200px) 100vw, (min-width: 784px) 393px, (min-width: 712px) 590px, (min-width: 640px) 712px, \" \/><\/a><\/div><\/div><div style=\"padding:10px;\" class=\"fusion-grid-column fusion-gallery-column fusion-gallery-column-3 hover-type-zoomin\"><div class=\"fusion-gallery-image\"><a href=\"https:\/\/www.comisionporlamemoria.org\/sitiosdememoria\/wp-content\/uploads\/sites\/16\/sites\/31\/2020\/10\/ENCUENTRO-NACIONAL-SITIOS-CHAPADMALAL-12.jpg\" rel=\"noreferrer\" data-rel=\"iLightbox[gallery_image_1]\" class=\"fusion-lightbox\" target=\"_self\"><img decoding=\"async\" src=\"https:\/\/www.comisionporlamemoria.org\/sitiosdememoria\/wp-content\/uploads\/sites\/16\/sites\/31\/2020\/10\/ENCUENTRO-NACIONAL-SITIOS-CHAPADMALAL-12.jpg\" width=\"1024\" height=\"683\" alt=\"\" title=\"ENCUENTRO-NACIONAL-SITIOS-CHAPADMALAL-12\" aria-label=\"ENCUENTRO-NACIONAL-SITIOS-CHAPADMALAL-12\" class=\"img-responsive wp-image-2563\" srcset=\"https:\/\/www.comisionporlamemoria.org\/sitiosdememoria\/wp-content\/uploads\/sites\/16\/sites\/31\/2020\/10\/ENCUENTRO-NACIONAL-SITIOS-CHAPADMALAL-12-200x133.jpg 200w, https:\/\/www.comisionporlamemoria.org\/sitiosdememoria\/wp-content\/uploads\/sites\/16\/sites\/31\/2020\/10\/ENCUENTRO-NACIONAL-SITIOS-CHAPADMALAL-12-400x267.jpg 400w, https:\/\/www.comisionporlamemoria.org\/sitiosdememoria\/wp-content\/uploads\/sites\/16\/sites\/31\/2020\/10\/ENCUENTRO-NACIONAL-SITIOS-CHAPADMALAL-12-600x400.jpg 600w, https:\/\/www.comisionporlamemoria.org\/sitiosdememoria\/wp-content\/uploads\/sites\/16\/sites\/31\/2020\/10\/ENCUENTRO-NACIONAL-SITIOS-CHAPADMALAL-12-800x534.jpg 800w, https:\/\/www.comisionporlamemoria.org\/sitiosdememoria\/wp-content\/uploads\/sites\/16\/sites\/31\/2020\/10\/ENCUENTRO-NACIONAL-SITIOS-CHAPADMALAL-12.jpg 1024w\" sizes=\"(min-width: 2200px) 100vw, (min-width: 784px) 393px, (min-width: 712px) 590px, (min-width: 640px) 712px, \" \/><\/a><\/div><\/div><div class=\"clearfix\"><\/div><div style=\"padding:10px;\" class=\"fusion-grid-column fusion-gallery-column fusion-gallery-column-3 hover-type-zoomin\"><div class=\"fusion-gallery-image\"><a href=\"https:\/\/www.comisionporlamemoria.org\/sitiosdememoria\/wp-content\/uploads\/sites\/16\/sites\/31\/2020\/10\/ENCUENTRO-NACIONAL-SITIOS-CHAPADMALAL-13.jpg\" rel=\"noreferrer\" data-rel=\"iLightbox[gallery_image_1]\" class=\"fusion-lightbox\" target=\"_self\"><img decoding=\"async\" src=\"https:\/\/www.comisionporlamemoria.org\/sitiosdememoria\/wp-content\/uploads\/sites\/16\/sites\/31\/2020\/10\/ENCUENTRO-NACIONAL-SITIOS-CHAPADMALAL-13.jpg\" width=\"1024\" height=\"683\" alt=\"\" title=\"ENCUENTRO-NACIONAL-SITIOS-CHAPADMALAL-13\" aria-label=\"ENCUENTRO-NACIONAL-SITIOS-CHAPADMALAL-13\" class=\"img-responsive wp-image-2564\" srcset=\"https:\/\/www.comisionporlamemoria.org\/sitiosdememoria\/wp-content\/uploads\/sites\/16\/sites\/31\/2020\/10\/ENCUENTRO-NACIONAL-SITIOS-CHAPADMALAL-13-200x133.jpg 200w, https:\/\/www.comisionporlamemoria.org\/sitiosdememoria\/wp-content\/uploads\/sites\/16\/sites\/31\/2020\/10\/ENCUENTRO-NACIONAL-SITIOS-CHAPADMALAL-13-400x267.jpg 400w, https:\/\/www.comisionporlamemoria.org\/sitiosdememoria\/wp-content\/uploads\/sites\/16\/sites\/31\/2020\/10\/ENCUENTRO-NACIONAL-SITIOS-CHAPADMALAL-13-600x400.jpg 600w, https:\/\/www.comisionporlamemoria.org\/sitiosdememoria\/wp-content\/uploads\/sites\/16\/sites\/31\/2020\/10\/ENCUENTRO-NACIONAL-SITIOS-CHAPADMALAL-13-800x534.jpg 800w, https:\/\/www.comisionporlamemoria.org\/sitiosdememoria\/wp-content\/uploads\/sites\/16\/sites\/31\/2020\/10\/ENCUENTRO-NACIONAL-SITIOS-CHAPADMALAL-13.jpg 1024w\" sizes=\"(min-width: 2200px) 100vw, (min-width: 784px) 393px, (min-width: 712px) 590px, (min-width: 640px) 712px, \" \/><\/a><\/div><\/div><\/div><\/div><\/div><\/div><\/div><\/div>\n","protected":false},"excerpt":{"rendered":"","protected":false},"author":32,"featured_media":2559,"comment_status":"open","ping_status":"open","sticky":false,"template":"","format":"standard","meta":{"footnotes":""},"categories":[11],"tags":[],"class_list":["post-2515","post","type-post","status-publish","format-standard","has-post-thumbnail","hentry","category-actividades-en-red"],"jetpack_featured_media_url":"https:\/\/www.comisionporlamemoria.org\/sitiosdememoria\/wp-content\/uploads\/sites\/16\/sites\/31\/2020\/10\/ENCUENTRO-NACIONAL-SITIOS-CHAPADMALAL-8.jpg","_links":{"self":[{"href":"https:\/\/www.comisionporlamemoria.org\/sitiosdememoria\/wp-json\/wp\/v2\/posts\/2515","targetHints":{"allow":["GET"]}}],"collection":[{"href":"https:\/\/www.comisionporlamemoria.org\/sitiosdememoria\/wp-json\/wp\/v2\/posts"}],"about":[{"href":"https:\/\/www.comisionporlamemoria.org\/sitiosdememoria\/wp-json\/wp\/v2\/types\/post"}],"author":[{"embeddable":true,"href":"https:\/\/www.comisionporlamemoria.org\/sitiosdememoria\/wp-json\/wp\/v2\/users\/32"}],"replies":[{"embeddable":true,"href":"https:\/\/www.comisionporlamemoria.org\/sitiosdememoria\/wp-json\/wp\/v2\/comments?post=2515"}],"version-history":[{"count":0,"href":"https:\/\/www.comisionporlamemoria.org\/sitiosdememoria\/wp-json\/wp\/v2\/posts\/2515\/revisions"}],"wp:featuredmedia":[{"embeddable":true,"href":"https:\/\/www.comisionporlamemoria.org\/sitiosdememoria\/wp-json\/wp\/v2\/media\/2559"}],"wp:attachment":[{"href":"https:\/\/www.comisionporlamemoria.org\/sitiosdememoria\/wp-json\/wp\/v2\/media?parent=2515"}],"wp:term":[{"taxonomy":"category","embeddable":true,"href":"https:\/\/www.comisionporlamemoria.org\/sitiosdememoria\/wp-json\/wp\/v2\/categories?post=2515"},{"taxonomy":"post_tag","embeddable":true,"href":"https:\/\/www.comisionporlamemoria.org\/sitiosdememoria\/wp-json\/wp\/v2\/tags?post=2515"}],"curies":[{"name":"wp","href":"https:\/\/api.w.org\/{rel}","templated":true}]}}