{"id":2568,"date":"2020-07-05T19:38:58","date_gmt":"2020-07-05T19:38:58","guid":{"rendered":"https:\/\/www.comisionporlamemoria.org\/sitiosdememoria\/?p=2568"},"modified":"2020-10-05T20:43:03","modified_gmt":"2020-10-05T20:43:03","slug":"trabajos-conjuntos-con-otros-equipos-de-la-cpm","status":"publish","type":"post","link":"https:\/\/www.comisionporlamemoria.org\/sitiosdememoria\/trabajos-conjuntos-con-otros-equipos-de-la-cpm\/","title":{"rendered":"Trabajos conjuntos con otros equipos de la CPM"},"content":{"rendered":"<div class=\"fusion-fullwidth fullwidth-box fusion-builder-row-1 fusion-flex-container nonhundred-percent-fullwidth non-hundred-percent-height-scrolling\" style=\"--awb-border-radius-top-left:0px;--awb-border-radius-top-right:0px;--awb-border-radius-bottom-right:0px;--awb-border-radius-bottom-left:0px;--awb-flex-wrap:wrap;\" ><div class=\"fusion-builder-row fusion-row fusion-flex-align-items-flex-start fusion-flex-content-wrap\" style=\"max-width:1248px;margin-left: calc(-4% \/ 2 );margin-right: calc(-4% \/ 2 );\"><div class=\"fusion-layout-column fusion_builder_column fusion-builder-column-0 fusion_builder_column_1_1 1_1 fusion-flex-column\" style=\"--awb-bg-size:cover;--awb-width-large:100%;--awb-margin-top-large:0px;--awb-spacing-right-large:1.92%;--awb-margin-bottom-large:0px;--awb-spacing-left-large:1.92%;--awb-width-medium:100%;--awb-spacing-right-medium:1.92%;--awb-spacing-left-medium:1.92%;--awb-width-small:100%;--awb-spacing-right-small:1.92%;--awb-spacing-left-small:1.92%;\"><div class=\"fusion-column-wrapper fusion-flex-justify-content-flex-start fusion-content-layout-column\"><div class=\"fusion-text fusion-text-1\"><p style=\"text-align: justify\">En el mes de julio de 2020 se realiz\u00f3 un encuentro de actualizaci\u00f3n en torno a la investigaci\u00f3n y aportes presentados a la justicia a partir del relevamiento de documentos del archivo de la Direcci\u00f3n de Inteligencia de la Polic\u00eda de la provincia de Buenos Aires. La charla estuvo a cargo de Claudia Belingeri, perito y directora del programa de justicia de la CPM y Samanta Salvatori, directora del programa de investigaci\u00f3n y sitios.<\/p>\n<p style=\"text-align: justify\">Participaron los colectivos de Banfield y de Quilmes que se ocupan de lo atinente al Juicio de lesa humanidad que se llevar\u00e1 adelante a partir del 27 de octubre en el Tribunal Oral Federal N\u00b01 de La Plata. El juicio por los delitos de lesa humanidad cometidos contra 419 v\u00edctimas en los centros clandestinos de detenci\u00f3n Pozo de Banfield y Pozo de Quilmes investigar\u00e1 la responsabilidad de 19 imputados por delitos de privaci\u00f3n ilegal de la libertad, aplicaci\u00f3n de tormentos, homicidio calificado, abuso sexual con acceso carnal y sustracci\u00f3n, retenci\u00f3n y ocultamiento de menores. Se trata de dos de los centros clandestinos de detenci\u00f3n m\u00e1s grandes que funcionaron en la provincia de Buenos Aires durante la \u00faltima dictadura c\u00edvico-militar.<\/p>\n<p style=\"text-align: justify\">A principios de julio de 2020 los programas de sitios y de gesti\u00f3n y preservaci\u00f3n de archivos, llevaron adelante una capacitaci\u00f3n en archivo oral. La misma tuvo como objetivo contribuir a la sistematizaci\u00f3n de las fuentes orales disponibles en los distintos espacios, relacionadas con las violaciones a los derechos humanos tanto del pasado como en el presente. Participaron el espacio de Memoria Ex D2 de Mendoza, el Sitio de Memoria de Ex Pozo de Quilmes, la Asociaci\u00f3n por la Memoria Pergamino y representantes del Programa J\u00f3venes y Memoria de Bah\u00eda Blanca, Pergamino y La Matanza.<\/p>\n<\/div><div class=\"awb-gallery-wrapper awb-gallery-wrapper-1 button-span-no\"><div style=\"margin:-10px;--awb-bordersize:0px;\" class=\"fusion-gallery fusion-gallery-container fusion-grid-2 fusion-columns-total-3 fusion-gallery-layout-grid fusion-gallery-1\"><div style=\"padding:10px;\" class=\"fusion-grid-column fusion-gallery-column fusion-gallery-column-2 hover-type-zoomin\"><div class=\"fusion-gallery-image\"><a href=\"https:\/\/www.comisionporlamemoria.org\/sitiosdememoria\/wp-content\/uploads\/sites\/16\/sites\/31\/2020\/10\/Equipos-CPM.jpg\" rel=\"noreferrer\" data-rel=\"iLightbox[gallery_image_1]\" class=\"fusion-lightbox\" target=\"_self\"><img decoding=\"async\" src=\"https:\/\/www.comisionporlamemoria.org\/sitiosdememoria\/wp-content\/uploads\/sites\/16\/sites\/31\/2020\/10\/Equipos-CPM.jpg\" width=\"1009\" height=\"555\" alt=\"\" title=\"Equipos-CPM\" aria-label=\"Equipos-CPM\" class=\"img-responsive wp-image-2573\" srcset=\"https:\/\/www.comisionporlamemoria.org\/sitiosdememoria\/wp-content\/uploads\/sites\/16\/sites\/31\/2020\/10\/Equipos-CPM-200x110.jpg 200w, https:\/\/www.comisionporlamemoria.org\/sitiosdememoria\/wp-content\/uploads\/sites\/16\/sites\/31\/2020\/10\/Equipos-CPM-400x220.jpg 400w, https:\/\/www.comisionporlamemoria.org\/sitiosdememoria\/wp-content\/uploads\/sites\/16\/sites\/31\/2020\/10\/Equipos-CPM-600x330.jpg 600w, https:\/\/www.comisionporlamemoria.org\/sitiosdememoria\/wp-content\/uploads\/sites\/16\/sites\/31\/2020\/10\/Equipos-CPM-800x440.jpg 800w, https:\/\/www.comisionporlamemoria.org\/sitiosdememoria\/wp-content\/uploads\/sites\/16\/sites\/31\/2020\/10\/Equipos-CPM.jpg 1009w\" sizes=\"(min-width: 2200px) 100vw, (min-width: 712px) 595px, (min-width: 640px) 712px, \" \/><\/a><\/div><\/div><div style=\"padding:10px;\" class=\"fusion-grid-column fusion-gallery-column fusion-gallery-column-2 hover-type-zoomin\"><div class=\"fusion-gallery-image\"><a href=\"https:\/\/www.comisionporlamemoria.org\/sitiosdememoria\/wp-content\/uploads\/sites\/16\/sites\/31\/2020\/10\/Equipos-CPM-2.jpg\" rel=\"noreferrer\" data-rel=\"iLightbox[gallery_image_1]\" class=\"fusion-lightbox\" target=\"_self\"><img decoding=\"async\" src=\"https:\/\/www.comisionporlamemoria.org\/sitiosdememoria\/wp-content\/uploads\/sites\/16\/sites\/31\/2020\/10\/Equipos-CPM-2.jpg\" width=\"989\" height=\"424\" alt=\"\" title=\"Equipos-CPM-2\" aria-label=\"Equipos-CPM-2\" class=\"img-responsive wp-image-2574\" srcset=\"https:\/\/www.comisionporlamemoria.org\/sitiosdememoria\/wp-content\/uploads\/sites\/16\/sites\/31\/2020\/10\/Equipos-CPM-2-200x86.jpg 200w, https:\/\/www.comisionporlamemoria.org\/sitiosdememoria\/wp-content\/uploads\/sites\/16\/sites\/31\/2020\/10\/Equipos-CPM-2-400x171.jpg 400w, https:\/\/www.comisionporlamemoria.org\/sitiosdememoria\/wp-content\/uploads\/sites\/16\/sites\/31\/2020\/10\/Equipos-CPM-2-600x257.jpg 600w, https:\/\/www.comisionporlamemoria.org\/sitiosdememoria\/wp-content\/uploads\/sites\/16\/sites\/31\/2020\/10\/Equipos-CPM-2-800x343.jpg 800w, https:\/\/www.comisionporlamemoria.org\/sitiosdememoria\/wp-content\/uploads\/sites\/16\/sites\/31\/2020\/10\/Equipos-CPM-2.jpg 989w\" sizes=\"(min-width: 2200px) 100vw, (min-width: 712px) 595px, (min-width: 640px) 712px, \" \/><\/a><\/div><\/div><div class=\"clearfix\"><\/div><div style=\"padding:10px;\" class=\"fusion-grid-column fusion-gallery-column fusion-gallery-column-2 hover-type-zoomin\"><div class=\"fusion-gallery-image\"><a href=\"https:\/\/www.comisionporlamemoria.org\/sitiosdememoria\/wp-content\/uploads\/sites\/16\/sites\/31\/2020\/10\/Equipos-CPM-1.jpg\" rel=\"noreferrer\" data-rel=\"iLightbox[gallery_image_1]\" class=\"fusion-lightbox\" target=\"_self\"><img decoding=\"async\" src=\"https:\/\/www.comisionporlamemoria.org\/sitiosdememoria\/wp-content\/uploads\/sites\/16\/sites\/31\/2020\/10\/Equipos-CPM-1.jpg\" width=\"1008\" height=\"476\" alt=\"\" title=\"Equipos-CPM-1\" aria-label=\"Equipos-CPM-1\" class=\"img-responsive wp-image-2575\" srcset=\"https:\/\/www.comisionporlamemoria.org\/sitiosdememoria\/wp-content\/uploads\/sites\/16\/sites\/31\/2020\/10\/Equipos-CPM-1-200x94.jpg 200w, https:\/\/www.comisionporlamemoria.org\/sitiosdememoria\/wp-content\/uploads\/sites\/16\/sites\/31\/2020\/10\/Equipos-CPM-1-400x189.jpg 400w, https:\/\/www.comisionporlamemoria.org\/sitiosdememoria\/wp-content\/uploads\/sites\/16\/sites\/31\/2020\/10\/Equipos-CPM-1-600x283.jpg 600w, https:\/\/www.comisionporlamemoria.org\/sitiosdememoria\/wp-content\/uploads\/sites\/16\/sites\/31\/2020\/10\/Equipos-CPM-1-800x378.jpg 800w, https:\/\/www.comisionporlamemoria.org\/sitiosdememoria\/wp-content\/uploads\/sites\/16\/sites\/31\/2020\/10\/Equipos-CPM-1.jpg 1008w\" sizes=\"(min-width: 2200px) 100vw, (min-width: 712px) 595px, (min-width: 640px) 712px, \" \/><\/a><\/div><\/div><\/div><\/div><\/div><\/div><\/div><\/div>\n","protected":false},"excerpt":{"rendered":"","protected":false},"author":32,"featured_media":2573,"comment_status":"open","ping_status":"open","sticky":false,"template":"","format":"standard","meta":{"footnotes":""},"categories":[11],"tags":[],"class_list":["post-2568","post","type-post","status-publish","format-standard","has-post-thumbnail","hentry","category-actividades-en-red"],"jetpack_featured_media_url":"https:\/\/www.comisionporlamemoria.org\/sitiosdememoria\/wp-content\/uploads\/sites\/16\/sites\/31\/2020\/10\/Equipos-CPM.jpg","_links":{"self":[{"href":"https:\/\/www.comisionporlamemoria.org\/sitiosdememoria\/wp-json\/wp\/v2\/posts\/2568","targetHints":{"allow":["GET"]}}],"collection":[{"href":"https:\/\/www.comisionporlamemoria.org\/sitiosdememoria\/wp-json\/wp\/v2\/posts"}],"about":[{"href":"https:\/\/www.comisionporlamemoria.org\/sitiosdememoria\/wp-json\/wp\/v2\/types\/post"}],"author":[{"embeddable":true,"href":"https:\/\/www.comisionporlamemoria.org\/sitiosdememoria\/wp-json\/wp\/v2\/users\/32"}],"replies":[{"embeddable":true,"href":"https:\/\/www.comisionporlamemoria.org\/sitiosdememoria\/wp-json\/wp\/v2\/comments?post=2568"}],"version-history":[{"count":0,"href":"https:\/\/www.comisionporlamemoria.org\/sitiosdememoria\/wp-json\/wp\/v2\/posts\/2568\/revisions"}],"wp:featuredmedia":[{"embeddable":true,"href":"https:\/\/www.comisionporlamemoria.org\/sitiosdememoria\/wp-json\/wp\/v2\/media\/2573"}],"wp:attachment":[{"href":"https:\/\/www.comisionporlamemoria.org\/sitiosdememoria\/wp-json\/wp\/v2\/media?parent=2568"}],"wp:term":[{"taxonomy":"category","embeddable":true,"href":"https:\/\/www.comisionporlamemoria.org\/sitiosdememoria\/wp-json\/wp\/v2\/categories?post=2568"},{"taxonomy":"post_tag","embeddable":true,"href":"https:\/\/www.comisionporlamemoria.org\/sitiosdememoria\/wp-json\/wp\/v2\/tags?post=2568"}],"curies":[{"name":"wp","href":"https:\/\/api.w.org\/{rel}","templated":true}]}}